{"id":55266,"date":"2019-06-27T11:57:49","date_gmt":"2019-06-27T14:57:49","guid":{"rendered":"https:\/\/eldiariodesanpedro.com.ar\/sitio\/?p=55266"},"modified":"2019-06-27T11:57:53","modified_gmt":"2019-06-27T14:57:53","slug":"zarate-vendia-droga-junto-a-su-hijo-bajo-la-fachada-de-un-local-de-ropa-punto-limite","status":"publish","type":"post","link":"https:\/\/eldiariodesanpedro.com.ar\/sitio\/zarate-vendia-droga-junto-a-su-hijo-bajo-la-fachada-de-un-local-de-ropa-punto-limite\/","title":{"rendered":"Z\u00c1RATE: Vend\u00eda droga junto a su hijo bajo la fachada de un local de ropa \u00abPunto Limite\u00bb"},"content":{"rendered":"<!-- VideographyWP Plugin Message: Automatic video embedding prevented by plugin options. -->\n\n<p>Un sujeto fue denunciado an\u00f3nimamente ante la Delegaci\u00f3n de Investigaciones del Tr\u00e1fico de Drogas Il\u00edcitas y Crimen Organizado Z\u00e1rate Campana. El comercio se encuentra en Z\u00e1rate, y tras ser allanado se encontraron casi medio kilo de coca\u00edna y marihuana, adem\u00e1s de dinero en efectivo. El comerciante fue detenido junto a una mujer. <\/p>\n\n\n\n<p>Una denuncia termin\u00f3 de confirmar la investigaci\u00f3n que llevada adelante la Delegaci\u00f3n de Investigaciones del Tr\u00e1fico de Drogas Il\u00edcitas y Crimen Organizado Z\u00e1rate Campana, y que deriv\u00f3 en la detenci\u00f3n de un hombre y su pareja, acusado de vender estupefacientes en su comercio de ropa, ubicado en el centro de Z\u00e1rate.\u00a0<\/p>\n\n\n\n<p>Seg\u00fan pudieron establecer los investigadores, el sujeto de nombre Edgardo se dedicaba a comercializar droga a un c\u00edrculo de personas muy selecta o de suma confianza, en su local de ropa. Al parecer, los compradores lo visitaban en dicho local all\u00ed se produc\u00eda la venta, si es que se encontraba vac\u00edo. En caso de haber \u201cclientes legales\u201d, el investigado y el comprador sal\u00edan a la v\u00eda p\u00fablica y mientras caminaban, concretaban la operaci\u00f3n. Sin embargo, a trav\u00e9s de registros f\u00edlmicos y fotograf\u00edas, tambi\u00e9n se comprob\u00f3 que tambi\u00e9n la droga se entregaba a veh\u00edculos que pasaban por la puerta del comercio, y en ocasiones, este sujeto realizaba los movimientos il\u00edcitos en un predio de canchas de f\u00fatbol tambi\u00e9n de Z\u00e1rate, o bien, bajo la modalidad delivery dirigi\u00e9ndose a otros domicilios.<\/p>\n\n\n\n<p>La polic\u00eda tambi\u00e9n pudo determinar que el hijo del comerciante, quien tambi\u00e9n atiende el local, se dedicar\u00eda a la venta del material il\u00edcito junto a su padre. Por ello, una vez determinado los lugares de venta y domicilios de ocultamiento, se solicit\u00f3 al magistrado interviniente las correspondientes \u00f3rdenes de allanamientos.&nbsp;<\/p>\n\n\n\n<p>Tras ser detenido y trasladado al Hospital, el sujeto de 57 a\u00f1os fue requisado hall\u00e1ndose en su poder dos envoltorios con casi 60 gramos de de clorhidrato de coca\u00edna. Tambi\u00e9n se le incauta una balanza digital de precisi\u00f3n con vestigios de igual sustancia, la suma de $ 20.200 en efectivo y documentaci\u00f3n, anotaciones y constancia de un viaje a Mexico.&nbsp;<\/p>\n\n\n\n<p>Intervino el Dr. Mat\u00edas Ferreiros, titular de la UFI Nro. 2 de Campana, quien dispuso la aprehensi\u00f3n del individuo en orden al delito de infracci\u00f3n a la ley 23.737. Como consecuencia de esta aprehensi\u00f3n allanaron los domicilios investigados anteriormente, logr\u00e1ndose el secuestr\u00f3 de otros 186,6 gramos en trozos compactos de coca\u00edna, 238 gramos de marihuana en frascos de cogollos, $31.995 pesos, dos tel\u00e9fonos celulares, dos balanzas y otros elementos de fraccionamiento.&nbsp;<\/p>\n\n\n\n<p>El operativo culmin\u00f3 con el secuestro de un autom\u00f3vil Volkswagen modelo Gol Country, y la aprehensi\u00f3n de quien ser\u00eda la pareja del comerciante. Colaboraron personal policial de la Comisar\u00eda de Campana, la DDI y el CIMoPU. <\/p>\n\n\n\n<p>Fuente: Campana Noticias<\/p>\n\n\n\n<figure class=\"wp-block-image\"><img decoding=\"async\" width=\"470\" height=\"353\" data-attachment-id=\"55272\" data-permalink=\"https:\/\/eldiariodesanpedro.com.ar\/sitio\/zarate-vendia-droga-junto-a-su-hijo-bajo-la-fachada-de-un-local-de-ropa-punto-limite\/attachment\/20190627103113\/\" data-orig-file=\"https:\/\/eldiariodesanpedro.com.ar\/sitio\/wp-content\/uploads\/2019\/06\/20190627103113.jpg\" data-orig-size=\"470,353\" data-comments-opened=\"1\" data-image-meta=\"{&quot;aperture&quot;:&quot;0&quot;,&quot;credit&quot;:&quot;&quot;,&quot;camera&quot;:&quot;&quot;,&quot;caption&quot;:&quot;&quot;,&quot;created_timestamp&quot;:&quot;0&quot;,&quot;copyright&quot;:&quot;&quot;,&quot;focal_length&quot;:&quot;0&quot;,&quot;iso&quot;:&quot;0&quot;,&quot;shutter_speed&quot;:&quot;0&quot;,&quot;title&quot;:&quot;&quot;,&quot;orientation&quot;:&quot;0&quot;}\" data-image-title=\"20190627103113\" data-image-description=\"\" data-image-caption=\"\" data-large-file=\"https:\/\/eldiariodesanpedro.com.ar\/sitio\/wp-content\/uploads\/2019\/06\/20190627103113.jpg\" data-src=\"https:\/\/eldiariodesanpedro.com.ar\/sitio\/wp-content\/uploads\/2019\/06\/20190627103113.jpg\" alt=\"\" class=\"wp-image-55272 lazyload\" data-srcset=\"https:\/\/eldiariodesanpedro.com.ar\/sitio\/wp-content\/uploads\/2019\/06\/20190627103113.jpg 470w, https:\/\/eldiariodesanpedro.com.ar\/sitio\/wp-content\/uploads\/2019\/06\/20190627103113-300x225.jpg 300w\" data-sizes=\"(max-width: 470px) 100vw, 470px\" src=\"data:image\/svg+xml;base64,PHN2ZyB3aWR0aD0iMSIgaGVpZ2h0PSIxIiB4bWxucz0iaHR0cDovL3d3dy53My5vcmcvMjAwMC9zdmciPjwvc3ZnPg==\" style=\"--smush-placeholder-width: 470px; --smush-placeholder-aspect-ratio: 470\/353;\" \/><\/figure>\n\n\n\n<figure class=\"wp-block-image\"><img decoding=\"async\" width=\"470\" height=\"353\" data-attachment-id=\"55271\" data-permalink=\"https:\/\/eldiariodesanpedro.com.ar\/sitio\/zarate-vendia-droga-junto-a-su-hijo-bajo-la-fachada-de-un-local-de-ropa-punto-limite\/attachment\/20190627102914\/\" data-orig-file=\"https:\/\/eldiariodesanpedro.com.ar\/sitio\/wp-content\/uploads\/2019\/06\/20190627102914.jpg\" data-orig-size=\"470,353\" data-comments-opened=\"1\" data-image-meta=\"{&quot;aperture&quot;:&quot;0&quot;,&quot;credit&quot;:&quot;&quot;,&quot;camera&quot;:&quot;&quot;,&quot;caption&quot;:&quot;&quot;,&quot;created_timestamp&quot;:&quot;0&quot;,&quot;copyright&quot;:&quot;&quot;,&quot;focal_length&quot;:&quot;0&quot;,&quot;iso&quot;:&quot;0&quot;,&quot;shutter_speed&quot;:&quot;0&quot;,&quot;title&quot;:&quot;&quot;,&quot;orientation&quot;:&quot;0&quot;}\" data-image-title=\"20190627102914\" data-image-description=\"\" data-image-caption=\"\" data-large-file=\"https:\/\/eldiariodesanpedro.com.ar\/sitio\/wp-content\/uploads\/2019\/06\/20190627102914.jpg\" data-src=\"https:\/\/eldiariodesanpedro.com.ar\/sitio\/wp-content\/uploads\/2019\/06\/20190627102914.jpg\" alt=\"\" class=\"wp-image-55271 lazyload\" data-srcset=\"https:\/\/eldiariodesanpedro.com.ar\/sitio\/wp-content\/uploads\/2019\/06\/20190627102914.jpg 470w, https:\/\/eldiariodesanpedro.com.ar\/sitio\/wp-content\/uploads\/2019\/06\/20190627102914-300x225.jpg 300w\" data-sizes=\"(max-width: 470px) 100vw, 470px\" src=\"data:image\/svg+xml;base64,PHN2ZyB3aWR0aD0iMSIgaGVpZ2h0PSIxIiB4bWxucz0iaHR0cDovL3d3dy53My5vcmcvMjAwMC9zdmciPjwvc3ZnPg==\" style=\"--smush-placeholder-width: 470px; --smush-placeholder-aspect-ratio: 470\/353;\" \/><\/figure>\n\n\n\n<figure class=\"wp-block-image\"><img decoding=\"async\" width=\"470\" height=\"353\" data-attachment-id=\"55270\" data-permalink=\"https:\/\/eldiariodesanpedro.com.ar\/sitio\/zarate-vendia-droga-junto-a-su-hijo-bajo-la-fachada-de-un-local-de-ropa-punto-limite\/attachment\/20190627102725\/\" data-orig-file=\"https:\/\/eldiariodesanpedro.com.ar\/sitio\/wp-content\/uploads\/2019\/06\/20190627102725.jpg\" data-orig-size=\"470,353\" data-comments-opened=\"1\" data-image-meta=\"{&quot;aperture&quot;:&quot;0&quot;,&quot;credit&quot;:&quot;&quot;,&quot;camera&quot;:&quot;&quot;,&quot;caption&quot;:&quot;&quot;,&quot;created_timestamp&quot;:&quot;0&quot;,&quot;copyright&quot;:&quot;&quot;,&quot;focal_length&quot;:&quot;0&quot;,&quot;iso&quot;:&quot;0&quot;,&quot;shutter_speed&quot;:&quot;0&quot;,&quot;title&quot;:&quot;&quot;,&quot;orientation&quot;:&quot;0&quot;}\" data-image-title=\"20190627102725\" data-image-description=\"\" data-image-caption=\"\" data-large-file=\"https:\/\/eldiariodesanpedro.com.ar\/sitio\/wp-content\/uploads\/2019\/06\/20190627102725.jpg\" data-src=\"https:\/\/eldiariodesanpedro.com.ar\/sitio\/wp-content\/uploads\/2019\/06\/20190627102725.jpg\" alt=\"\" class=\"wp-image-55270 lazyload\" data-srcset=\"https:\/\/eldiariodesanpedro.com.ar\/sitio\/wp-content\/uploads\/2019\/06\/20190627102725.jpg 470w, https:\/\/eldiariodesanpedro.com.ar\/sitio\/wp-content\/uploads\/2019\/06\/20190627102725-300x225.jpg 300w\" data-sizes=\"(max-width: 470px) 100vw, 470px\" src=\"data:image\/svg+xml;base64,PHN2ZyB3aWR0aD0iMSIgaGVpZ2h0PSIxIiB4bWxucz0iaHR0cDovL3d3dy53My5vcmcvMjAwMC9zdmciPjwvc3ZnPg==\" style=\"--smush-placeholder-width: 470px; --smush-placeholder-aspect-ratio: 470\/353;\" \/><\/figure>\n\n\n\n<figure class=\"wp-block-image\"><img decoding=\"async\" width=\"470\" height=\"353\" data-attachment-id=\"55269\" data-permalink=\"https:\/\/eldiariodesanpedro.com.ar\/sitio\/zarate-vendia-droga-junto-a-su-hijo-bajo-la-fachada-de-un-local-de-ropa-punto-limite\/attachment\/20190627102612\/\" data-orig-file=\"https:\/\/eldiariodesanpedro.com.ar\/sitio\/wp-content\/uploads\/2019\/06\/20190627102612.jpg\" data-orig-size=\"470,353\" data-comments-opened=\"1\" data-image-meta=\"{&quot;aperture&quot;:&quot;0&quot;,&quot;credit&quot;:&quot;&quot;,&quot;camera&quot;:&quot;&quot;,&quot;caption&quot;:&quot;&quot;,&quot;created_timestamp&quot;:&quot;0&quot;,&quot;copyright&quot;:&quot;&quot;,&quot;focal_length&quot;:&quot;0&quot;,&quot;iso&quot;:&quot;0&quot;,&quot;shutter_speed&quot;:&quot;0&quot;,&quot;title&quot;:&quot;&quot;,&quot;orientation&quot;:&quot;0&quot;}\" data-image-title=\"20190627102612\" data-image-description=\"\" data-image-caption=\"\" data-large-file=\"https:\/\/eldiariodesanpedro.com.ar\/sitio\/wp-content\/uploads\/2019\/06\/20190627102612.jpg\" data-src=\"https:\/\/eldiariodesanpedro.com.ar\/sitio\/wp-content\/uploads\/2019\/06\/20190627102612.jpg\" alt=\"\" class=\"wp-image-55269 lazyload\" data-srcset=\"https:\/\/eldiariodesanpedro.com.ar\/sitio\/wp-content\/uploads\/2019\/06\/20190627102612.jpg 470w, https:\/\/eldiariodesanpedro.com.ar\/sitio\/wp-content\/uploads\/2019\/06\/20190627102612-300x225.jpg 300w\" data-sizes=\"(max-width: 470px) 100vw, 470px\" src=\"data:image\/svg+xml;base64,PHN2ZyB3aWR0aD0iMSIgaGVpZ2h0PSIxIiB4bWxucz0iaHR0cDovL3d3dy53My5vcmcvMjAwMC9zdmciPjwvc3ZnPg==\" style=\"--smush-placeholder-width: 470px; --smush-placeholder-aspect-ratio: 470\/353;\" \/><\/figure>\n\n\n\n<figure class=\"wp-block-image\"><img decoding=\"async\" width=\"470\" height=\"277\" data-attachment-id=\"55268\" data-permalink=\"https:\/\/eldiariodesanpedro.com.ar\/sitio\/zarate-vendia-droga-junto-a-su-hijo-bajo-la-fachada-de-un-local-de-ropa-punto-limite\/attachment\/20190627102532\/\" data-orig-file=\"https:\/\/eldiariodesanpedro.com.ar\/sitio\/wp-content\/uploads\/2019\/06\/20190627102532.jpg\" data-orig-size=\"470,277\" data-comments-opened=\"1\" data-image-meta=\"{&quot;aperture&quot;:&quot;0&quot;,&quot;credit&quot;:&quot;&quot;,&quot;camera&quot;:&quot;&quot;,&quot;caption&quot;:&quot;&quot;,&quot;created_timestamp&quot;:&quot;0&quot;,&quot;copyright&quot;:&quot;&quot;,&quot;focal_length&quot;:&quot;0&quot;,&quot;iso&quot;:&quot;0&quot;,&quot;shutter_speed&quot;:&quot;0&quot;,&quot;title&quot;:&quot;&quot;,&quot;orientation&quot;:&quot;0&quot;}\" data-image-title=\"20190627102532\" data-image-description=\"\" data-image-caption=\"\" data-large-file=\"https:\/\/eldiariodesanpedro.com.ar\/sitio\/wp-content\/uploads\/2019\/06\/20190627102532.jpg\" data-src=\"https:\/\/eldiariodesanpedro.com.ar\/sitio\/wp-content\/uploads\/2019\/06\/20190627102532.jpg\" alt=\"\" class=\"wp-image-55268 lazyload\" data-srcset=\"https:\/\/eldiariodesanpedro.com.ar\/sitio\/wp-content\/uploads\/2019\/06\/20190627102532.jpg 470w, https:\/\/eldiariodesanpedro.com.ar\/sitio\/wp-content\/uploads\/2019\/06\/20190627102532-300x177.jpg 300w\" data-sizes=\"(max-width: 470px) 100vw, 470px\" src=\"data:image\/svg+xml;base64,PHN2ZyB3aWR0aD0iMSIgaGVpZ2h0PSIxIiB4bWxucz0iaHR0cDovL3d3dy53My5vcmcvMjAwMC9zdmciPjwvc3ZnPg==\" style=\"--smush-placeholder-width: 470px; --smush-placeholder-aspect-ratio: 470\/277;\" \/><\/figure>\n","protected":false},"excerpt":{"rendered":"<p>Un sujeto fue denunciado an\u00f3nimamente ante la Delegaci\u00f3n de Investigaciones del Tr\u00e1fico de Drogas Il\u00edcitas y Crimen Organizado Z\u00e1rate Campana. El comercio se encuentra en Z\u00e1rate, y tras ser allanado se encontraron casi medio kilo de coca\u00edna y marihuana, adem\u00e1s de dinero en efectivo. El comerciante fue detenido junto a una mujer. Una denuncia termin\u00f3 [&hellip;]<\/p>\n","protected":false},"author":4,"featured_media":55267,"comment_status":"open","ping_status":"closed","sticky":false,"template":"","format":"standard","meta":{"om_disable_all_campaigns":false,"_jetpack_memberships_contains_paid_content":false,"footnotes":""},"categories":[621],"tags":[],"class_list":["post-55266","post","type-post","status-publish","format-standard","has-post-thumbnail","hentry","category-regionales"],"aioseo_notices":[],"gutentor_comment":0,"jetpack_featured_media_url":"https:\/\/eldiariodesanpedro.com.ar\/sitio\/wp-content\/uploads\/2019\/06\/20190627102431.jpg","jetpack_shortlink":"https:\/\/wp.me\/p6RhLt-eno","jetpack_sharing_enabled":true,"_links":{"self":[{"href":"https:\/\/eldiariodesanpedro.com.ar\/sitio\/wp-json\/wp\/v2\/posts\/55266","targetHints":{"allow":["GET"]}}],"collection":[{"href":"https:\/\/eldiariodesanpedro.com.ar\/sitio\/wp-json\/wp\/v2\/posts"}],"about":[{"href":"https:\/\/eldiariodesanpedro.com.ar\/sitio\/wp-json\/wp\/v2\/types\/post"}],"author":[{"embeddable":true,"href":"https:\/\/eldiariodesanpedro.com.ar\/sitio\/wp-json\/wp\/v2\/users\/4"}],"replies":[{"embeddable":true,"href":"https:\/\/eldiariodesanpedro.com.ar\/sitio\/wp-json\/wp\/v2\/comments?post=55266"}],"version-history":[{"count":1,"href":"https:\/\/eldiariodesanpedro.com.ar\/sitio\/wp-json\/wp\/v2\/posts\/55266\/revisions"}],"predecessor-version":[{"id":55273,"href":"https:\/\/eldiariodesanpedro.com.ar\/sitio\/wp-json\/wp\/v2\/posts\/55266\/revisions\/55273"}],"wp:featuredmedia":[{"embeddable":true,"href":"https:\/\/eldiariodesanpedro.com.ar\/sitio\/wp-json\/wp\/v2\/media\/55267"}],"wp:attachment":[{"href":"https:\/\/eldiariodesanpedro.com.ar\/sitio\/wp-json\/wp\/v2\/media?parent=55266"}],"wp:term":[{"taxonomy":"category","embeddable":true,"href":"https:\/\/eldiariodesanpedro.com.ar\/sitio\/wp-json\/wp\/v2\/categories?post=55266"},{"taxonomy":"post_tag","embeddable":true,"href":"https:\/\/eldiariodesanpedro.com.ar\/sitio\/wp-json\/wp\/v2\/tags?post=55266"}],"curies":[{"name":"wp","href":"https:\/\/api.w.org\/{rel}","templated":true}]}}