{"id":55240,"date":"2019-06-27T11:51:54","date_gmt":"2019-06-27T14:51:54","guid":{"rendered":"https:\/\/eldiariodesanpedro.com.ar\/sitio\/?p=55240"},"modified":"2019-06-27T11:51:59","modified_gmt":"2019-06-27T14:51:59","slug":"zarate-los-puertos-de-zarate-y-campana-deberan-contar-con-un-plan-de-gestion-ambiental","status":"publish","type":"post","link":"https:\/\/eldiariodesanpedro.com.ar\/sitio\/zarate-los-puertos-de-zarate-y-campana-deberan-contar-con-un-plan-de-gestion-ambiental\/","title":{"rendered":"Z\u00c1RATE: Los puertos de Z\u00e1rate y Campana deber\u00e1n contar con un Plan de Gesti\u00f3n Ambiental"},"content":{"rendered":"<!-- VideographyWP Plugin Message: Automatic video embedding prevented by plugin options. -->\n\n<p>En el marco de la Primera Jornada de Gesti\u00f3n Ambiental Portuaria organizada por el Consorcio de Gesti\u00f3n de Puerto Quequ\u00e9n, el OPDS acord\u00f3 con el Puerto su incorporaci\u00f3n al Centro de Monitoreo de Calidad del Aire el cual recibir\u00e1 informaci\u00f3n en tiempo real de las estaciones instaladas en distintos puntos del territorio provincial: Dock Sud, La Plata, Z\u00e1rate, Campana, Bah\u00eda Blanca, La Matanza y Necochea.<\/p>\n\n\n\n<p>El Organismo Provincial para el Desarrollo Sostenible (OPDS), a cargo de Rodrigo Aybar, por medio de la Resoluci\u00f3n 263\/19, estableci\u00f3 el r\u00e9gimen jur\u00eddico ambiental para los dragados de puertos y canales de acceso, a fin de propiciar la correcta gesti\u00f3n y monitoreo de las operaciones de dragado, as\u00ed como la reutilizaci\u00f3n del material y la disminuci\u00f3n progresiva de concentraciones de contaminantes, seg\u00fan se inform\u00f3 hoy a trav\u00e9s de un comunicado.<\/p>\n\n\n\n<p>Asimismo, cre\u00f3 un r\u00e9gimen simplificado para las obras menores de dragado y reglament\u00f3 los requisitos m\u00ednimos que deber\u00e1n presentar los puertos para la aprobaci\u00f3n de su Plan de Gesti\u00f3n Ambiental (PGA). Aprobado por el OPDS, tendr\u00e1 una validez de cuatro a\u00f1os y antes de su aprobaci\u00f3n, el organismo ambiental bonaerense solicitar\u00e1 a la Autoridad Portuaria Provincial que se expida y, eventualmente, formule las observaciones que estime corresponder.<\/p>\n\n\n\n<p><strong>\u201cSe reglament\u00f3 un requisito fundamental que est\u00e1 en la Ley Nacional de Puertos como es la presentaci\u00f3n de un Plan de Gesti\u00f3n Ambiental de Puertos, lo que implica, por ejemplo, hacer monitoreos de calidad de aire y de agua, generando un plus de control y de mejora en la gesti\u00f3n para garantizar la preservaci\u00f3n y conservaci\u00f3n de los recursos naturales\u201d<\/strong>, explic\u00f3 Manuel Fr\u00e1vega, subsecretario de Fiscalizaci\u00f3n y Evaluaci\u00f3n Ambiental del OPDS.<\/p>\n\n\n\n<p>El dragado es un servicio esencial para el normal funcionamiento de los puertos que posibilita la accesibilidad y operatividad de las infraestructuras, como as\u00ed tambi\u00e9n la creaci\u00f3n de nuevas instalaciones y el mantenimiento de las existentes.<\/p>\n\n\n\n<p>Con el fin de evaluar la incidencia ambiental en el \u00e1rea de influencia, los puertos industriales y\/o comerciales deber\u00e1n presentar peri\u00f3dicamente un Programa de Monitoreo de Emisiones Gaseosas, su Gesti\u00f3n de Residuos y un Programa de Monitoreo de Efluentes L\u00edquidos.<\/p>\n\n\n\n<p>El OPDS podr\u00e1 solicitar estudios adicionales previos a la Declaraci\u00f3n de Impacto Ambiental (DIA), tales como an\u00e1lisis de riesgos, modelizaci\u00f3n matem\u00e1tica de hidrodin\u00e1mica de part\u00edculas y\/o migraci\u00f3n de contaminantes donde se estimen las concentraciones que se detectar\u00edan en el \u00e1rea de influencia indirecta.<\/p>\n\n\n\n<p>Por otra parte, el viernes 14 de junio \u00faltimo el Puerto Quequ\u00e9n se convirti\u00f3 en el primero de la Provincia de Buenos Aires en comenzar a cumplir con el Plan de Gesti\u00f3n Ambiental (PGA).<\/p>\n\n\n\n<p><strong>Fuente:&nbsp;<\/strong>Noticias Z\u00e1rate Alerta&nbsp;<\/p>\n\n\n\n<p><br><\/p>\n","protected":false},"excerpt":{"rendered":"<p>En el marco de la Primera Jornada de Gesti\u00f3n Ambiental Portuaria organizada por el Consorcio de Gesti\u00f3n de Puerto Quequ\u00e9n, el OPDS acord\u00f3 con el Puerto su incorporaci\u00f3n al Centro de Monitoreo de Calidad del Aire el cual recibir\u00e1 informaci\u00f3n en tiempo real de las estaciones instaladas en distintos puntos del territorio provincial: Dock Sud, [&hellip;]<\/p>\n","protected":false},"author":4,"featured_media":55264,"comment_status":"open","ping_status":"closed","sticky":false,"template":"","format":"standard","meta":{"om_disable_all_campaigns":false,"_jetpack_memberships_contains_paid_content":false,"footnotes":""},"categories":[621],"tags":[],"class_list":["post-55240","post","type-post","status-publish","format-standard","has-post-thumbnail","hentry","category-regionales"],"aioseo_notices":[],"gutentor_comment":0,"jetpack_featured_media_url":"https:\/\/eldiariodesanpedro.com.ar\/sitio\/wp-content\/uploads\/2019\/06\/798.jpg","jetpack_shortlink":"https:\/\/wp.me\/p6RhLt-emY","jetpack_sharing_enabled":true,"_links":{"self":[{"href":"https:\/\/eldiariodesanpedro.com.ar\/sitio\/wp-json\/wp\/v2\/posts\/55240","targetHints":{"allow":["GET"]}}],"collection":[{"href":"https:\/\/eldiariodesanpedro.com.ar\/sitio\/wp-json\/wp\/v2\/posts"}],"about":[{"href":"https:\/\/eldiariodesanpedro.com.ar\/sitio\/wp-json\/wp\/v2\/types\/post"}],"author":[{"embeddable":true,"href":"https:\/\/eldiariodesanpedro.com.ar\/sitio\/wp-json\/wp\/v2\/users\/4"}],"replies":[{"embeddable":true,"href":"https:\/\/eldiariodesanpedro.com.ar\/sitio\/wp-json\/wp\/v2\/comments?post=55240"}],"version-history":[{"count":1,"href":"https:\/\/eldiariodesanpedro.com.ar\/sitio\/wp-json\/wp\/v2\/posts\/55240\/revisions"}],"predecessor-version":[{"id":55265,"href":"https:\/\/eldiariodesanpedro.com.ar\/sitio\/wp-json\/wp\/v2\/posts\/55240\/revisions\/55265"}],"wp:featuredmedia":[{"embeddable":true,"href":"https:\/\/eldiariodesanpedro.com.ar\/sitio\/wp-json\/wp\/v2\/media\/55264"}],"wp:attachment":[{"href":"https:\/\/eldiariodesanpedro.com.ar\/sitio\/wp-json\/wp\/v2\/media?parent=55240"}],"wp:term":[{"taxonomy":"category","embeddable":true,"href":"https:\/\/eldiariodesanpedro.com.ar\/sitio\/wp-json\/wp\/v2\/categories?post=55240"},{"taxonomy":"post_tag","embeddable":true,"href":"https:\/\/eldiariodesanpedro.com.ar\/sitio\/wp-json\/wp\/v2\/tags?post=55240"}],"curies":[{"name":"wp","href":"https:\/\/api.w.org\/{rel}","templated":true}]}}