{"id":55238,"date":"2019-06-27T10:38:34","date_gmt":"2019-06-27T13:38:34","guid":{"rendered":"https:\/\/eldiariodesanpedro.com.ar\/sitio\/?p=55238"},"modified":"2019-06-27T10:38:38","modified_gmt":"2019-06-27T13:38:38","slug":"aprehendido-por-tenencia-de-marihuana-3","status":"publish","type":"post","link":"https:\/\/eldiariodesanpedro.com.ar\/sitio\/aprehendido-por-tenencia-de-marihuana-3\/","title":{"rendered":"Aprehendido por tenencia de marihuana"},"content":{"rendered":"<!-- VideographyWP Plugin Message: Automatic video embedding prevented by plugin options. -->\n\n<p>El sujeto se encontraba en la v\u00eda publica cuando fue  interceptado por personal policial que se encontraba en recorrida para su identificaci\u00f3n. Se le secuestro en su poder marihuana compactada y cigarrillos de la misma sustancia. Fue aprehendido.<\/p>\n\n\n\n<p>Sucedi\u00f3 en intersecci\u00f3n de las calles Mateo Sbert y Bozzano, el joven de 22 a\u00f1os de edad fue aprehendido y alojado en la sede policial por infracci\u00f3n a la Ley 23737.<\/p>\n\n\n\n<p>Se le secuestro entre sus ropas bagullo de marihuana envuelto en nylon y cigarrillos de la misma sustancia.<\/p>\n\n\n\n<p>Interviene UFI N\u00ba 11<br><\/p>\n","protected":false},"excerpt":{"rendered":"<p>El sujeto se encontraba en la v\u00eda publica cuando fue interceptado por personal policial que se encontraba en recorrida para su identificaci\u00f3n. Se le secuestro en su poder marihuana compactada y cigarrillos de la misma sustancia. Fue aprehendido. Sucedi\u00f3 en intersecci\u00f3n de las calles Mateo Sbert y Bozzano, el joven de 22 a\u00f1os de edad [&hellip;]<\/p>\n","protected":false},"author":4,"featured_media":0,"comment_status":"open","ping_status":"closed","sticky":false,"template":"","format":"standard","meta":{"om_disable_all_campaigns":false,"_jetpack_memberships_contains_paid_content":false,"footnotes":""},"categories":[2,103],"tags":[],"class_list":["post-55238","post","type-post","status-publish","format-standard","hentry","category-locales","category-policiales-locales"],"aioseo_notices":[],"gutentor_comment":0,"jetpack_featured_media_url":"","jetpack_shortlink":"https:\/\/wp.me\/p6RhLt-emW","jetpack_sharing_enabled":true,"_links":{"self":[{"href":"https:\/\/eldiariodesanpedro.com.ar\/sitio\/wp-json\/wp\/v2\/posts\/55238","targetHints":{"allow":["GET"]}}],"collection":[{"href":"https:\/\/eldiariodesanpedro.com.ar\/sitio\/wp-json\/wp\/v2\/posts"}],"about":[{"href":"https:\/\/eldiariodesanpedro.com.ar\/sitio\/wp-json\/wp\/v2\/types\/post"}],"author":[{"embeddable":true,"href":"https:\/\/eldiariodesanpedro.com.ar\/sitio\/wp-json\/wp\/v2\/users\/4"}],"replies":[{"embeddable":true,"href":"https:\/\/eldiariodesanpedro.com.ar\/sitio\/wp-json\/wp\/v2\/comments?post=55238"}],"version-history":[{"count":1,"href":"https:\/\/eldiariodesanpedro.com.ar\/sitio\/wp-json\/wp\/v2\/posts\/55238\/revisions"}],"predecessor-version":[{"id":55239,"href":"https:\/\/eldiariodesanpedro.com.ar\/sitio\/wp-json\/wp\/v2\/posts\/55238\/revisions\/55239"}],"wp:attachment":[{"href":"https:\/\/eldiariodesanpedro.com.ar\/sitio\/wp-json\/wp\/v2\/media?parent=55238"}],"wp:term":[{"taxonomy":"category","embeddable":true,"href":"https:\/\/eldiariodesanpedro.com.ar\/sitio\/wp-json\/wp\/v2\/categories?post=55238"},{"taxonomy":"post_tag","embeddable":true,"href":"https:\/\/eldiariodesanpedro.com.ar\/sitio\/wp-json\/wp\/v2\/tags?post=55238"}],"curies":[{"name":"wp","href":"https:\/\/api.w.org\/{rel}","templated":true}]}}