{"id":55236,"date":"2019-06-27T10:15:28","date_gmt":"2019-06-27T13:15:28","guid":{"rendered":"https:\/\/eldiariodesanpedro.com.ar\/sitio\/?p=55236"},"modified":"2019-06-27T10:15:34","modified_gmt":"2019-06-27T13:15:34","slug":"robaron-gran-cantidad-de-herramientas-en-un-campo","status":"publish","type":"post","link":"https:\/\/eldiariodesanpedro.com.ar\/sitio\/robaron-gran-cantidad-de-herramientas-en-un-campo\/","title":{"rendered":"Robaron gran cantidad de herramientas en un campo"},"content":{"rendered":"<!-- VideographyWP Plugin Message: Automatic video embedding prevented by plugin options. -->\n\n<p>As\u00ed lo denuncio su propietario, un ciudadano mayor de edad, dejando constancia que delincuentes ignorados se habr\u00edan llevado gran cantidad de herramientas agr\u00edcolas.<\/p>\n\n\n\n<p>El hecho sucedi\u00f3 este mi\u00e9rcoles, en una estancia ubicada sobre Ruta Provincial 191, km 12, los malvivientes ingresan tras violentar la abertura de la puerta.<\/p>\n\n\n\n<p>En el interior logran sustraer varias herramientas agr\u00edcolas manuales, interviene la fiscalia N\u00ba11<\/p>\n\n\n\n<p><br><\/p>\n","protected":false},"excerpt":{"rendered":"<p>As\u00ed lo denuncio su propietario, un ciudadano mayor de edad, dejando constancia que delincuentes ignorados se habr\u00edan llevado gran cantidad de herramientas agr\u00edcolas. El hecho sucedi\u00f3 este mi\u00e9rcoles, en una estancia ubicada sobre Ruta Provincial 191, km 12, los malvivientes ingresan tras violentar la abertura de la puerta. En el interior logran sustraer varias herramientas [&hellip;]<\/p>\n","protected":false},"author":4,"featured_media":52671,"comment_status":"open","ping_status":"closed","sticky":false,"template":"","format":"standard","meta":{"om_disable_all_campaigns":false,"_jetpack_memberships_contains_paid_content":false,"footnotes":""},"categories":[2,103],"tags":[],"class_list":["post-55236","post","type-post","status-publish","format-standard","has-post-thumbnail","hentry","category-locales","category-policiales-locales"],"aioseo_notices":[],"gutentor_comment":0,"jetpack_featured_media_url":"https:\/\/eldiariodesanpedro.com.ar\/sitio\/wp-content\/uploads\/2019\/05\/Patrulla-Rural.jpg","jetpack_shortlink":"https:\/\/wp.me\/p6RhLt-emU","jetpack_sharing_enabled":true,"_links":{"self":[{"href":"https:\/\/eldiariodesanpedro.com.ar\/sitio\/wp-json\/wp\/v2\/posts\/55236","targetHints":{"allow":["GET"]}}],"collection":[{"href":"https:\/\/eldiariodesanpedro.com.ar\/sitio\/wp-json\/wp\/v2\/posts"}],"about":[{"href":"https:\/\/eldiariodesanpedro.com.ar\/sitio\/wp-json\/wp\/v2\/types\/post"}],"author":[{"embeddable":true,"href":"https:\/\/eldiariodesanpedro.com.ar\/sitio\/wp-json\/wp\/v2\/users\/4"}],"replies":[{"embeddable":true,"href":"https:\/\/eldiariodesanpedro.com.ar\/sitio\/wp-json\/wp\/v2\/comments?post=55236"}],"version-history":[{"count":1,"href":"https:\/\/eldiariodesanpedro.com.ar\/sitio\/wp-json\/wp\/v2\/posts\/55236\/revisions"}],"predecessor-version":[{"id":55237,"href":"https:\/\/eldiariodesanpedro.com.ar\/sitio\/wp-json\/wp\/v2\/posts\/55236\/revisions\/55237"}],"wp:featuredmedia":[{"embeddable":true,"href":"https:\/\/eldiariodesanpedro.com.ar\/sitio\/wp-json\/wp\/v2\/media\/52671"}],"wp:attachment":[{"href":"https:\/\/eldiariodesanpedro.com.ar\/sitio\/wp-json\/wp\/v2\/media?parent=55236"}],"wp:term":[{"taxonomy":"category","embeddable":true,"href":"https:\/\/eldiariodesanpedro.com.ar\/sitio\/wp-json\/wp\/v2\/categories?post=55236"},{"taxonomy":"post_tag","embeddable":true,"href":"https:\/\/eldiariodesanpedro.com.ar\/sitio\/wp-json\/wp\/v2\/tags?post=55236"}],"curies":[{"name":"wp","href":"https:\/\/api.w.org\/{rel}","templated":true}]}}