{"id":55234,"date":"2019-06-27T10:04:31","date_gmt":"2019-06-27T13:04:31","guid":{"rendered":"https:\/\/eldiariodesanpedro.com.ar\/sitio\/?p=55234"},"modified":"2019-06-27T10:04:36","modified_gmt":"2019-06-27T13:04:36","slug":"motochorro-le-arrebato-la-cartera-y-se-dio-a-la-fuga","status":"publish","type":"post","link":"https:\/\/eldiariodesanpedro.com.ar\/sitio\/motochorro-le-arrebato-la-cartera-y-se-dio-a-la-fuga\/","title":{"rendered":"Motochorro: Le arrebato la cartera y se dio a la fuga"},"content":{"rendered":"<!-- VideographyWP Plugin Message: Automatic video embedding prevented by plugin options. -->\n\n<p>El hecho sucedi\u00f3 por la ma\u00f1ana de este mi\u00e9rcoles, una mujer mayor de edad fue sorprendida por un delincuente en moto quien logro sustraerle la cartera y emprendio fuga.<\/p>\n\n\n\n<p>La victima alert\u00f3 a al personal policial  desde la Cl\u00ednica Coopser, ya que al momento del arrebato se dirig\u00eda a la misma para ser atendida por el medico.  <\/p>\n\n\n\n<p>El delincuente intercepta a la ciudadana que caminaba por calle San Mart\u00edn entre Almafuerte y Gomendio, logra sustraerle la cartera con pertenencias, celular y documentaci\u00f3n.<br><\/p>\n","protected":false},"excerpt":{"rendered":"<p>El hecho sucedi\u00f3 por la ma\u00f1ana de este mi\u00e9rcoles, una mujer mayor de edad fue sorprendida por un delincuente en moto quien logro sustraerle la cartera y emprendio fuga. La victima alert\u00f3 a al personal policial desde la Cl\u00ednica Coopser, ya que al momento del arrebato se dirig\u00eda a la misma para ser atendida por [&hellip;]<\/p>\n","protected":false},"author":4,"featured_media":54566,"comment_status":"open","ping_status":"closed","sticky":false,"template":"","format":"standard","meta":{"om_disable_all_campaigns":false,"_jetpack_memberships_contains_paid_content":false,"footnotes":""},"categories":[2,103],"tags":[],"class_list":["post-55234","post","type-post","status-publish","format-standard","has-post-thumbnail","hentry","category-locales","category-policiales-locales"],"aioseo_notices":[],"gutentor_comment":0,"jetpack_featured_media_url":"https:\/\/eldiariodesanpedro.com.ar\/sitio\/wp-content\/uploads\/2019\/06\/arrebato-1.jpg","jetpack_shortlink":"https:\/\/wp.me\/p6RhLt-emS","jetpack_sharing_enabled":true,"_links":{"self":[{"href":"https:\/\/eldiariodesanpedro.com.ar\/sitio\/wp-json\/wp\/v2\/posts\/55234","targetHints":{"allow":["GET"]}}],"collection":[{"href":"https:\/\/eldiariodesanpedro.com.ar\/sitio\/wp-json\/wp\/v2\/posts"}],"about":[{"href":"https:\/\/eldiariodesanpedro.com.ar\/sitio\/wp-json\/wp\/v2\/types\/post"}],"author":[{"embeddable":true,"href":"https:\/\/eldiariodesanpedro.com.ar\/sitio\/wp-json\/wp\/v2\/users\/4"}],"replies":[{"embeddable":true,"href":"https:\/\/eldiariodesanpedro.com.ar\/sitio\/wp-json\/wp\/v2\/comments?post=55234"}],"version-history":[{"count":1,"href":"https:\/\/eldiariodesanpedro.com.ar\/sitio\/wp-json\/wp\/v2\/posts\/55234\/revisions"}],"predecessor-version":[{"id":55235,"href":"https:\/\/eldiariodesanpedro.com.ar\/sitio\/wp-json\/wp\/v2\/posts\/55234\/revisions\/55235"}],"wp:featuredmedia":[{"embeddable":true,"href":"https:\/\/eldiariodesanpedro.com.ar\/sitio\/wp-json\/wp\/v2\/media\/54566"}],"wp:attachment":[{"href":"https:\/\/eldiariodesanpedro.com.ar\/sitio\/wp-json\/wp\/v2\/media?parent=55234"}],"wp:term":[{"taxonomy":"category","embeddable":true,"href":"https:\/\/eldiariodesanpedro.com.ar\/sitio\/wp-json\/wp\/v2\/categories?post=55234"},{"taxonomy":"post_tag","embeddable":true,"href":"https:\/\/eldiariodesanpedro.com.ar\/sitio\/wp-json\/wp\/v2\/tags?post=55234"}],"curies":[{"name":"wp","href":"https:\/\/api.w.org\/{rel}","templated":true}]}}