{"id":55219,"date":"2019-06-26T19:23:33","date_gmt":"2019-06-26T22:23:33","guid":{"rendered":"https:\/\/eldiariodesanpedro.com.ar\/sitio\/?p=55219"},"modified":"2019-06-26T19:23:39","modified_gmt":"2019-06-26T22:23:39","slug":"cierra-jys-textil","status":"publish","type":"post","link":"https:\/\/eldiariodesanpedro.com.ar\/sitio\/cierra-jys-textil\/","title":{"rendered":"Cierra JyS Textil"},"content":{"rendered":"<!-- VideographyWP Plugin Message: Automatic video embedding prevented by plugin options. -->\n\n<p>Las audiencias de conciliaci\u00f3n se terminaron. La f\u00e1brica confirm\u00f3 la triste noticia, cerca de 80 empleados quedaron definitivamente sin trabajo.<\/p>\n\n\n\n<p> Los\/as empleados\/as reconocen que la empresa tuvo una gran p\u00e9rdida en producci\u00f3n este ultimo tiempo, la mayoria intento de alguna manera seguir, trabajando hasta tres horas, pero la situaci\u00f3n no se sostuvo m\u00e1s.<\/p>\n\n\n\n<p>Representantes de la empresa confirmaron la finalizaci\u00f3n de las audiencias de conciliaci\u00f3n y las negociaciones en la delegaci\u00f3n del Ministerio de Trabajo de la provincia de Buenos Aires., se dio por concluido el expediente.<\/p>\n\n\n\n<p>German Verdon, abogado de la firma explic\u00f3, \u00abla mayor\u00eda tiene la situaci\u00f3n resuelta con la f\u00e1brica, ya imaginaban que iba a suceder esto y acordaron.  <br> Y en los casos en que no es as\u00ed, se discutir\u00e1 judicialmente\u00bb<\/p>\n\n\n\n<p>\u00abEn la actualidad la planta est\u00e1 cerrada, con las m\u00e1quinas paradas, sin producir en los talleres ni el lavadero, hay un grupo de trabajadores que se encuentra todav\u00eda con una vigilia frente a las puertas de la f\u00e1brica quienes reclaman el pago del 100% de las indemnizaciones\u00bb, culmin\u00f3.<\/p>\n\n\n\n<p>El grupo de empleados que se encuentran de vigilia, quienes son defendidos por el Dr Cassini, no se mover\u00e1n del lugar hasta que arreglen su situaci\u00f3n judicialmente y, ademas, cuidando de que nadie saque el patrimonio de la empresa antes del conflicto resuelto con los mismos.<\/p>\n","protected":false},"excerpt":{"rendered":"<p>Las audiencias de conciliaci\u00f3n se terminaron. La f\u00e1brica confirm\u00f3 la triste noticia, cerca de 80 empleados quedaron definitivamente sin trabajo. Los\/as empleados\/as reconocen que la empresa tuvo una gran p\u00e9rdida en producci\u00f3n este ultimo tiempo, la mayoria intento de alguna manera seguir, trabajando hasta tres horas, pero la situaci\u00f3n no se sostuvo m\u00e1s. Representantes de [&hellip;]<\/p>\n","protected":false},"author":4,"featured_media":55199,"comment_status":"open","ping_status":"closed","sticky":false,"template":"","format":"standard","meta":{"om_disable_all_campaigns":false,"_jetpack_memberships_contains_paid_content":false,"footnotes":""},"categories":[50,101,2],"tags":[],"class_list":["post-55219","post","type-post","status-publish","format-standard","has-post-thumbnail","hentry","category-destacadas","category-interes-general-locales","category-locales"],"aioseo_notices":[],"gutentor_comment":0,"jetpack_featured_media_url":"https:\/\/eldiariodesanpedro.com.ar\/sitio\/wp-content\/uploads\/2019\/06\/IMG-20190626-WA0024.jpg","jetpack_shortlink":"https:\/\/wp.me\/p6RhLt-emD","jetpack_sharing_enabled":true,"_links":{"self":[{"href":"https:\/\/eldiariodesanpedro.com.ar\/sitio\/wp-json\/wp\/v2\/posts\/55219","targetHints":{"allow":["GET"]}}],"collection":[{"href":"https:\/\/eldiariodesanpedro.com.ar\/sitio\/wp-json\/wp\/v2\/posts"}],"about":[{"href":"https:\/\/eldiariodesanpedro.com.ar\/sitio\/wp-json\/wp\/v2\/types\/post"}],"author":[{"embeddable":true,"href":"https:\/\/eldiariodesanpedro.com.ar\/sitio\/wp-json\/wp\/v2\/users\/4"}],"replies":[{"embeddable":true,"href":"https:\/\/eldiariodesanpedro.com.ar\/sitio\/wp-json\/wp\/v2\/comments?post=55219"}],"version-history":[{"count":1,"href":"https:\/\/eldiariodesanpedro.com.ar\/sitio\/wp-json\/wp\/v2\/posts\/55219\/revisions"}],"predecessor-version":[{"id":55220,"href":"https:\/\/eldiariodesanpedro.com.ar\/sitio\/wp-json\/wp\/v2\/posts\/55219\/revisions\/55220"}],"wp:featuredmedia":[{"embeddable":true,"href":"https:\/\/eldiariodesanpedro.com.ar\/sitio\/wp-json\/wp\/v2\/media\/55199"}],"wp:attachment":[{"href":"https:\/\/eldiariodesanpedro.com.ar\/sitio\/wp-json\/wp\/v2\/media?parent=55219"}],"wp:term":[{"taxonomy":"category","embeddable":true,"href":"https:\/\/eldiariodesanpedro.com.ar\/sitio\/wp-json\/wp\/v2\/categories?post=55219"},{"taxonomy":"post_tag","embeddable":true,"href":"https:\/\/eldiariodesanpedro.com.ar\/sitio\/wp-json\/wp\/v2\/tags?post=55219"}],"curies":[{"name":"wp","href":"https:\/\/api.w.org\/{rel}","templated":true}]}}