{"id":55182,"date":"2019-06-26T11:58:49","date_gmt":"2019-06-26T14:58:49","guid":{"rendered":"https:\/\/eldiariodesanpedro.com.ar\/sitio\/?p=55182"},"modified":"2019-06-26T11:58:54","modified_gmt":"2019-06-26T14:58:54","slug":"retenciones-de-tarea-en-el-estacionamiento-medido-nuestra-base-no-se-puede-habitar-es-inhumano","status":"publish","type":"post","link":"https:\/\/eldiariodesanpedro.com.ar\/sitio\/retenciones-de-tarea-en-el-estacionamiento-medido-nuestra-base-no-se-puede-habitar-es-inhumano\/","title":{"rendered":"Retenciones de tarea en el estacionamiento medido: \u00abNuestra base no se puede habitar, es inhumano \u00ab"},"content":{"rendered":"<!-- VideographyWP Plugin Message: Automatic video embedding prevented by plugin options. -->\n\n<p>Desde hace mas de un mes los trabajadores\/as del Estacionamiento Medido intentan mantener un dialogo con el ejecutivo, reclamando condiciones obvias laborales. El Secretario de Gobierno en el \u00faltimo dialogo les confirm\u00f3 el cambio de la base operativa pero no se han puesto de acuerdo definitivamente.<\/p>\n\n\n\n<p>D\u00edas de reclamos, mucho agotamiento emocional, impotencia y espera incansable para los trabajadores municipales.<\/p>\n\n\n\n<p>Llevan exactamente  un mes y dos semanas de reclamos, sin contar las numerosas  veces que han sufrido hechos de da\u00f1o y robo en la base operativa, que todav\u00eda no han sido reparadas desde el municipio.<\/p>\n\n\n\n<p>La retenci\u00f3n es por una causa justa, un derecho humano laboral,  las condiciones deben ser dignas para el trabajador, la casilla en la que tienen la base operativa, donde de afuera se ve de un revestimiento moderno, siendo esta utilizada en a\u00f1os anteriores como casilla de turismo, por dentro esta inhabitable.<\/p>\n\n\n\n<ul class=\"wp-block-gallery columns-3 is-cropped wp-block-gallery-1 is-layout-flex wp-block-gallery-is-layout-flex\"><li class=\"blocks-gallery-item\"><figure><img decoding=\"async\" width=\"1024\" height=\"576\" data-attachment-id=\"55195\" data-permalink=\"https:\/\/eldiariodesanpedro.com.ar\/sitio\/img_20190626_092943235\/\" data-orig-file=\"https:\/\/eldiariodesanpedro.com.ar\/sitio\/wp-content\/uploads\/2019\/06\/IMG_20190626_092943235.jpg\" data-orig-size=\"4160,2340\" data-comments-opened=\"1\" data-image-meta=\"{&quot;aperture&quot;:&quot;2.2&quot;,&quot;credit&quot;:&quot;&quot;,&quot;camera&quot;:&quot;motorola one&quot;,&quot;caption&quot;:&quot;&quot;,&quot;created_timestamp&quot;:&quot;1561541385&quot;,&quot;copyright&quot;:&quot;&quot;,&quot;focal_length&quot;:&quot;3.463&quot;,&quot;iso&quot;:&quot;953&quot;,&quot;shutter_speed&quot;:&quot;0.071428571428571&quot;,&quot;title&quot;:&quot;&quot;,&quot;orientation&quot;:&quot;1&quot;}\" data-image-title=\"IMG_20190626_092943235\" data-image-description=\"\" data-image-caption=\"\" data-large-file=\"https:\/\/eldiariodesanpedro.com.ar\/sitio\/wp-content\/uploads\/2019\/06\/IMG_20190626_092943235-1024x576.jpg\" data-src=\"https:\/\/eldiariodesanpedro.com.ar\/sitio\/wp-content\/uploads\/2019\/06\/IMG_20190626_092943235-1024x576.jpg\" alt=\"\" data-id=\"55195\" data-link=\"https:\/\/eldiariodesanpedro.com.ar\/sitio\/img_20190626_092943235\/\" class=\"wp-image-55195 lazyload\" data-srcset=\"https:\/\/eldiariodesanpedro.com.ar\/sitio\/wp-content\/uploads\/2019\/06\/IMG_20190626_092943235-1024x576.jpg 1024w, https:\/\/eldiariodesanpedro.com.ar\/sitio\/wp-content\/uploads\/2019\/06\/IMG_20190626_092943235-300x169.jpg 300w, https:\/\/eldiariodesanpedro.com.ar\/sitio\/wp-content\/uploads\/2019\/06\/IMG_20190626_092943235-768x432.jpg 768w\" data-sizes=\"(max-width: 1024px) 100vw, 1024px\" src=\"data:image\/svg+xml;base64,PHN2ZyB3aWR0aD0iMSIgaGVpZ2h0PSIxIiB4bWxucz0iaHR0cDovL3d3dy53My5vcmcvMjAwMC9zdmciPjwvc3ZnPg==\" style=\"--smush-placeholder-width: 1024px; --smush-placeholder-aspect-ratio: 1024\/576;\" \/><\/figure><\/li><li class=\"blocks-gallery-item\"><figure><img decoding=\"async\" data-attachment-id=\"55194\" data-permalink=\"https:\/\/eldiariodesanpedro.com.ar\/sitio\/img_20190626_092938120\/\" data-orig-file=\"https:\/\/eldiariodesanpedro.com.ar\/sitio\/wp-content\/uploads\/2019\/06\/IMG_20190626_092938120-e1561558407622.jpg\" data-orig-size=\"2340,4160\" data-comments-opened=\"1\" data-image-meta=\"{&quot;aperture&quot;:&quot;2.2&quot;,&quot;credit&quot;:&quot;&quot;,&quot;camera&quot;:&quot;motorola one&quot;,&quot;caption&quot;:&quot;&quot;,&quot;created_timestamp&quot;:&quot;1561541378&quot;,&quot;copyright&quot;:&quot;&quot;,&quot;focal_length&quot;:&quot;3.463&quot;,&quot;iso&quot;:&quot;760&quot;,&quot;shutter_speed&quot;:&quot;0.05&quot;,&quot;title&quot;:&quot;&quot;,&quot;orientation&quot;:&quot;6&quot;}\" data-image-title=\"IMG_20190626_092938120\" data-image-description=\"\" data-image-caption=\"\" data-large-file=\"https:\/\/eldiariodesanpedro.com.ar\/sitio\/wp-content\/uploads\/2019\/06\/IMG_20190626_092938120-e1561558407622-576x1024.jpg\" data-src=\"https:\/\/eldiariodesanpedro.com.ar\/sitio\/wp-content\/uploads\/2019\/06\/IMG_20190626_092938120-1024x576.jpg\" alt=\"\" data-id=\"55194\" data-link=\"https:\/\/eldiariodesanpedro.com.ar\/sitio\/img_20190626_092938120\/\" class=\"wp-image-55194 lazyload\" src=\"data:image\/svg+xml;base64,PHN2ZyB3aWR0aD0iMSIgaGVpZ2h0PSIxIiB4bWxucz0iaHR0cDovL3d3dy53My5vcmcvMjAwMC9zdmciPjwvc3ZnPg==\" style=\"--smush-placeholder-width: 1024px; --smush-placeholder-aspect-ratio: 1024\/576;\" \/><\/figure><\/li><li class=\"blocks-gallery-item\"><figure><img decoding=\"async\" data-attachment-id=\"55193\" data-permalink=\"https:\/\/eldiariodesanpedro.com.ar\/sitio\/img_20190626_093214247\/\" data-orig-file=\"https:\/\/eldiariodesanpedro.com.ar\/sitio\/wp-content\/uploads\/2019\/06\/IMG_20190626_093214247-e1561558349956.jpg\" data-orig-size=\"2340,4160\" data-comments-opened=\"1\" data-image-meta=\"{&quot;aperture&quot;:&quot;2.2&quot;,&quot;credit&quot;:&quot;&quot;,&quot;camera&quot;:&quot;motorola one&quot;,&quot;caption&quot;:&quot;&quot;,&quot;created_timestamp&quot;:&quot;1561541536&quot;,&quot;copyright&quot;:&quot;&quot;,&quot;focal_length&quot;:&quot;3.463&quot;,&quot;iso&quot;:&quot;826&quot;,&quot;shutter_speed&quot;:&quot;0.058823529411765&quot;,&quot;title&quot;:&quot;&quot;,&quot;orientation&quot;:&quot;6&quot;}\" data-image-title=\"IMG_20190626_093214247\" data-image-description=\"\" data-image-caption=\"\" data-large-file=\"https:\/\/eldiariodesanpedro.com.ar\/sitio\/wp-content\/uploads\/2019\/06\/IMG_20190626_093214247-e1561558349956-576x1024.jpg\" data-src=\"https:\/\/eldiariodesanpedro.com.ar\/sitio\/wp-content\/uploads\/2019\/06\/IMG_20190626_093214247-1024x576.jpg\" alt=\"\" data-id=\"55193\" data-link=\"https:\/\/eldiariodesanpedro.com.ar\/sitio\/img_20190626_093214247\/\" class=\"wp-image-55193 lazyload\" src=\"data:image\/svg+xml;base64,PHN2ZyB3aWR0aD0iMSIgaGVpZ2h0PSIxIiB4bWxucz0iaHR0cDovL3d3dy53My5vcmcvMjAwMC9zdmciPjwvc3ZnPg==\" style=\"--smush-placeholder-width: 1024px; --smush-placeholder-aspect-ratio: 1024\/576;\" \/><\/figure><\/li><li class=\"blocks-gallery-item\"><figure><img decoding=\"async\" data-attachment-id=\"55192\" data-permalink=\"https:\/\/eldiariodesanpedro.com.ar\/sitio\/img_20190626_092913660\/\" data-orig-file=\"https:\/\/eldiariodesanpedro.com.ar\/sitio\/wp-content\/uploads\/2019\/06\/IMG_20190626_092913660-e1561558376702.jpg\" data-orig-size=\"2340,4160\" data-comments-opened=\"1\" data-image-meta=\"{&quot;aperture&quot;:&quot;2.2&quot;,&quot;credit&quot;:&quot;&quot;,&quot;camera&quot;:&quot;motorola one&quot;,&quot;caption&quot;:&quot;&quot;,&quot;created_timestamp&quot;:&quot;1561541354&quot;,&quot;copyright&quot;:&quot;&quot;,&quot;focal_length&quot;:&quot;3.463&quot;,&quot;iso&quot;:&quot;465&quot;,&quot;shutter_speed&quot;:&quot;0.03030303030303&quot;,&quot;title&quot;:&quot;&quot;,&quot;orientation&quot;:&quot;6&quot;}\" data-image-title=\"IMG_20190626_092913660\" data-image-description=\"\" data-image-caption=\"\" data-large-file=\"https:\/\/eldiariodesanpedro.com.ar\/sitio\/wp-content\/uploads\/2019\/06\/IMG_20190626_092913660-e1561558376702-576x1024.jpg\" data-src=\"https:\/\/eldiariodesanpedro.com.ar\/sitio\/wp-content\/uploads\/2019\/06\/IMG_20190626_092913660-1024x576.jpg\" alt=\"\" data-id=\"55192\" data-link=\"https:\/\/eldiariodesanpedro.com.ar\/sitio\/img_20190626_092913660\/\" class=\"wp-image-55192 lazyload\" src=\"data:image\/svg+xml;base64,PHN2ZyB3aWR0aD0iMSIgaGVpZ2h0PSIxIiB4bWxucz0iaHR0cDovL3d3dy53My5vcmcvMjAwMC9zdmciPjwvc3ZnPg==\" style=\"--smush-placeholder-width: 1024px; --smush-placeholder-aspect-ratio: 1024\/576;\" \/><\/figure><\/li><li class=\"blocks-gallery-item\"><figure><img decoding=\"async\" data-attachment-id=\"55190\" data-permalink=\"https:\/\/eldiariodesanpedro.com.ar\/sitio\/img_20190626_093139532\/\" data-orig-file=\"https:\/\/eldiariodesanpedro.com.ar\/sitio\/wp-content\/uploads\/2019\/06\/IMG_20190626_093139532-e1561558320755.jpg\" data-orig-size=\"2340,4160\" data-comments-opened=\"1\" data-image-meta=\"{&quot;aperture&quot;:&quot;2.2&quot;,&quot;credit&quot;:&quot;&quot;,&quot;camera&quot;:&quot;motorola one&quot;,&quot;caption&quot;:&quot;&quot;,&quot;created_timestamp&quot;:&quot;1561541501&quot;,&quot;copyright&quot;:&quot;&quot;,&quot;focal_length&quot;:&quot;3.463&quot;,&quot;iso&quot;:&quot;1813&quot;,&quot;shutter_speed&quot;:&quot;0.071428571428571&quot;,&quot;title&quot;:&quot;&quot;,&quot;orientation&quot;:&quot;6&quot;}\" data-image-title=\"IMG_20190626_093139532\" data-image-description=\"\" data-image-caption=\"\" data-large-file=\"https:\/\/eldiariodesanpedro.com.ar\/sitio\/wp-content\/uploads\/2019\/06\/IMG_20190626_093139532-e1561558320755-576x1024.jpg\" data-src=\"https:\/\/eldiariodesanpedro.com.ar\/sitio\/wp-content\/uploads\/2019\/06\/IMG_20190626_093139532-1024x576.jpg\" alt=\"\" data-id=\"55190\" data-link=\"https:\/\/eldiariodesanpedro.com.ar\/sitio\/img_20190626_093139532\/\" class=\"wp-image-55190 lazyload\" src=\"data:image\/svg+xml;base64,PHN2ZyB3aWR0aD0iMSIgaGVpZ2h0PSIxIiB4bWxucz0iaHR0cDovL3d3dy53My5vcmcvMjAwMC9zdmciPjwvc3ZnPg==\" style=\"--smush-placeholder-width: 1024px; --smush-placeholder-aspect-ratio: 1024\/576;\" \/><\/figure><\/li><li class=\"blocks-gallery-item\"><figure><img decoding=\"async\" width=\"1024\" height=\"576\" data-attachment-id=\"55188\" data-permalink=\"https:\/\/eldiariodesanpedro.com.ar\/sitio\/img_20190626_093000290\/\" data-orig-file=\"https:\/\/eldiariodesanpedro.com.ar\/sitio\/wp-content\/uploads\/2019\/06\/IMG_20190626_093000290.jpg\" data-orig-size=\"4160,2340\" data-comments-opened=\"1\" data-image-meta=\"{&quot;aperture&quot;:&quot;2.2&quot;,&quot;credit&quot;:&quot;&quot;,&quot;camera&quot;:&quot;motorola one&quot;,&quot;caption&quot;:&quot;&quot;,&quot;created_timestamp&quot;:&quot;1561541400&quot;,&quot;copyright&quot;:&quot;&quot;,&quot;focal_length&quot;:&quot;3.463&quot;,&quot;iso&quot;:&quot;729&quot;,&quot;shutter_speed&quot;:&quot;0.04&quot;,&quot;title&quot;:&quot;&quot;,&quot;orientation&quot;:&quot;1&quot;}\" data-image-title=\"IMG_20190626_093000290\" data-image-description=\"\" data-image-caption=\"\" data-large-file=\"https:\/\/eldiariodesanpedro.com.ar\/sitio\/wp-content\/uploads\/2019\/06\/IMG_20190626_093000290-1024x576.jpg\" data-src=\"https:\/\/eldiariodesanpedro.com.ar\/sitio\/wp-content\/uploads\/2019\/06\/IMG_20190626_093000290-1024x576.jpg\" alt=\"\" data-id=\"55188\" data-link=\"https:\/\/eldiariodesanpedro.com.ar\/sitio\/img_20190626_093000290\/\" class=\"wp-image-55188 lazyload\" data-srcset=\"https:\/\/eldiariodesanpedro.com.ar\/sitio\/wp-content\/uploads\/2019\/06\/IMG_20190626_093000290-1024x576.jpg 1024w, https:\/\/eldiariodesanpedro.com.ar\/sitio\/wp-content\/uploads\/2019\/06\/IMG_20190626_093000290-300x169.jpg 300w, https:\/\/eldiariodesanpedro.com.ar\/sitio\/wp-content\/uploads\/2019\/06\/IMG_20190626_093000290-768x432.jpg 768w\" data-sizes=\"(max-width: 1024px) 100vw, 1024px\" src=\"data:image\/svg+xml;base64,PHN2ZyB3aWR0aD0iMSIgaGVpZ2h0PSIxIiB4bWxucz0iaHR0cDovL3d3dy53My5vcmcvMjAwMC9zdmciPjwvc3ZnPg==\" style=\"--smush-placeholder-width: 1024px; --smush-placeholder-aspect-ratio: 1024\/576;\" \/><\/figure><\/li><li class=\"blocks-gallery-item\"><figure><img decoding=\"async\" width=\"1024\" height=\"576\" data-attachment-id=\"55187\" data-permalink=\"https:\/\/eldiariodesanpedro.com.ar\/sitio\/img_20190626_092944843\/\" data-orig-file=\"https:\/\/eldiariodesanpedro.com.ar\/sitio\/wp-content\/uploads\/2019\/06\/IMG_20190626_092944843.jpg\" data-orig-size=\"4160,2340\" data-comments-opened=\"1\" data-image-meta=\"{&quot;aperture&quot;:&quot;2.2&quot;,&quot;credit&quot;:&quot;&quot;,&quot;camera&quot;:&quot;motorola one&quot;,&quot;caption&quot;:&quot;&quot;,&quot;created_timestamp&quot;:&quot;1561541386&quot;,&quot;copyright&quot;:&quot;&quot;,&quot;focal_length&quot;:&quot;3.463&quot;,&quot;iso&quot;:&quot;953&quot;,&quot;shutter_speed&quot;:&quot;0.071428571428571&quot;,&quot;title&quot;:&quot;&quot;,&quot;orientation&quot;:&quot;1&quot;}\" data-image-title=\"IMG_20190626_092944843\" data-image-description=\"\" data-image-caption=\"\" data-large-file=\"https:\/\/eldiariodesanpedro.com.ar\/sitio\/wp-content\/uploads\/2019\/06\/IMG_20190626_092944843-1024x576.jpg\" data-src=\"https:\/\/eldiariodesanpedro.com.ar\/sitio\/wp-content\/uploads\/2019\/06\/IMG_20190626_092944843-1024x576.jpg\" alt=\"\" data-id=\"55187\" data-link=\"https:\/\/eldiariodesanpedro.com.ar\/sitio\/img_20190626_092944843\/\" class=\"wp-image-55187 lazyload\" data-srcset=\"https:\/\/eldiariodesanpedro.com.ar\/sitio\/wp-content\/uploads\/2019\/06\/IMG_20190626_092944843-1024x576.jpg 1024w, https:\/\/eldiariodesanpedro.com.ar\/sitio\/wp-content\/uploads\/2019\/06\/IMG_20190626_092944843-300x169.jpg 300w, https:\/\/eldiariodesanpedro.com.ar\/sitio\/wp-content\/uploads\/2019\/06\/IMG_20190626_092944843-768x432.jpg 768w\" data-sizes=\"(max-width: 1024px) 100vw, 1024px\" src=\"data:image\/svg+xml;base64,PHN2ZyB3aWR0aD0iMSIgaGVpZ2h0PSIxIiB4bWxucz0iaHR0cDovL3d3dy53My5vcmcvMjAwMC9zdmciPjwvc3ZnPg==\" style=\"--smush-placeholder-width: 1024px; --smush-placeholder-aspect-ratio: 1024\/576;\" \/><\/figure><\/li><li class=\"blocks-gallery-item\"><figure><img decoding=\"async\" width=\"1024\" height=\"576\" data-attachment-id=\"55186\" data-permalink=\"https:\/\/eldiariodesanpedro.com.ar\/sitio\/img_20190626_093111653\/\" data-orig-file=\"https:\/\/eldiariodesanpedro.com.ar\/sitio\/wp-content\/uploads\/2019\/06\/IMG_20190626_093111653.jpg\" data-orig-size=\"4160,2340\" data-comments-opened=\"1\" data-image-meta=\"{&quot;aperture&quot;:&quot;2.2&quot;,&quot;credit&quot;:&quot;&quot;,&quot;camera&quot;:&quot;motorola one&quot;,&quot;caption&quot;:&quot;&quot;,&quot;created_timestamp&quot;:&quot;1561541472&quot;,&quot;copyright&quot;:&quot;&quot;,&quot;focal_length&quot;:&quot;3.463&quot;,&quot;iso&quot;:&quot;356&quot;,&quot;shutter_speed&quot;:&quot;0.03030303030303&quot;,&quot;title&quot;:&quot;&quot;,&quot;orientation&quot;:&quot;1&quot;}\" data-image-title=\"IMG_20190626_093111653\" data-image-description=\"\" data-image-caption=\"\" data-large-file=\"https:\/\/eldiariodesanpedro.com.ar\/sitio\/wp-content\/uploads\/2019\/06\/IMG_20190626_093111653-1024x576.jpg\" data-src=\"https:\/\/eldiariodesanpedro.com.ar\/sitio\/wp-content\/uploads\/2019\/06\/IMG_20190626_093111653-1024x576.jpg\" alt=\"\" data-id=\"55186\" data-link=\"https:\/\/eldiariodesanpedro.com.ar\/sitio\/img_20190626_093111653\/\" class=\"wp-image-55186 lazyload\" data-srcset=\"https:\/\/eldiariodesanpedro.com.ar\/sitio\/wp-content\/uploads\/2019\/06\/IMG_20190626_093111653-1024x576.jpg 1024w, https:\/\/eldiariodesanpedro.com.ar\/sitio\/wp-content\/uploads\/2019\/06\/IMG_20190626_093111653-300x169.jpg 300w, https:\/\/eldiariodesanpedro.com.ar\/sitio\/wp-content\/uploads\/2019\/06\/IMG_20190626_093111653-768x432.jpg 768w\" data-sizes=\"(max-width: 1024px) 100vw, 1024px\" src=\"data:image\/svg+xml;base64,PHN2ZyB3aWR0aD0iMSIgaGVpZ2h0PSIxIiB4bWxucz0iaHR0cDovL3d3dy53My5vcmcvMjAwMC9zdmciPjwvc3ZnPg==\" style=\"--smush-placeholder-width: 1024px; --smush-placeholder-aspect-ratio: 1024\/576;\" \/><\/figure><\/li><li class=\"blocks-gallery-item\"><figure><img decoding=\"async\" width=\"1024\" height=\"576\" data-attachment-id=\"55185\" data-permalink=\"https:\/\/eldiariodesanpedro.com.ar\/sitio\/img_20190626_093054804\/\" data-orig-file=\"https:\/\/eldiariodesanpedro.com.ar\/sitio\/wp-content\/uploads\/2019\/06\/IMG_20190626_093054804.jpg\" data-orig-size=\"4160,2340\" data-comments-opened=\"1\" data-image-meta=\"{&quot;aperture&quot;:&quot;2.2&quot;,&quot;credit&quot;:&quot;&quot;,&quot;camera&quot;:&quot;motorola one&quot;,&quot;caption&quot;:&quot;&quot;,&quot;created_timestamp&quot;:&quot;1561541455&quot;,&quot;copyright&quot;:&quot;&quot;,&quot;focal_length&quot;:&quot;3.463&quot;,&quot;iso&quot;:&quot;413&quot;,&quot;shutter_speed&quot;:&quot;0.03030303030303&quot;,&quot;title&quot;:&quot;&quot;,&quot;orientation&quot;:&quot;6&quot;}\" data-image-title=\"IMG_20190626_093054804\" data-image-description=\"\" data-image-caption=\"\" data-large-file=\"https:\/\/eldiariodesanpedro.com.ar\/sitio\/wp-content\/uploads\/2019\/06\/IMG_20190626_093054804-1024x576.jpg\" data-src=\"https:\/\/eldiariodesanpedro.com.ar\/sitio\/wp-content\/uploads\/2019\/06\/IMG_20190626_093054804-1024x576.jpg\" alt=\"\" data-id=\"55185\" data-link=\"https:\/\/eldiariodesanpedro.com.ar\/sitio\/img_20190626_093054804\/\" class=\"wp-image-55185 lazyload\" data-srcset=\"https:\/\/eldiariodesanpedro.com.ar\/sitio\/wp-content\/uploads\/2019\/06\/IMG_20190626_093054804-1024x576.jpg 1024w, https:\/\/eldiariodesanpedro.com.ar\/sitio\/wp-content\/uploads\/2019\/06\/IMG_20190626_093054804-300x169.jpg 300w, https:\/\/eldiariodesanpedro.com.ar\/sitio\/wp-content\/uploads\/2019\/06\/IMG_20190626_093054804-768x432.jpg 768w\" data-sizes=\"(max-width: 1024px) 100vw, 1024px\" src=\"data:image\/svg+xml;base64,PHN2ZyB3aWR0aD0iMSIgaGVpZ2h0PSIxIiB4bWxucz0iaHR0cDovL3d3dy53My5vcmcvMjAwMC9zdmciPjwvc3ZnPg==\" style=\"--smush-placeholder-width: 1024px; --smush-placeholder-aspect-ratio: 1024\/576;\" \/><\/figure><\/li><li class=\"blocks-gallery-item\"><figure><img decoding=\"async\" width=\"1024\" height=\"576\" data-attachment-id=\"55184\" data-permalink=\"https:\/\/eldiariodesanpedro.com.ar\/sitio\/img_20190626_093047738\/\" data-orig-file=\"https:\/\/eldiariodesanpedro.com.ar\/sitio\/wp-content\/uploads\/2019\/06\/IMG_20190626_093047738.jpg\" data-orig-size=\"4160,2340\" data-comments-opened=\"1\" data-image-meta=\"{&quot;aperture&quot;:&quot;2.2&quot;,&quot;credit&quot;:&quot;&quot;,&quot;camera&quot;:&quot;motorola one&quot;,&quot;caption&quot;:&quot;&quot;,&quot;created_timestamp&quot;:&quot;1561541448&quot;,&quot;copyright&quot;:&quot;&quot;,&quot;focal_length&quot;:&quot;3.463&quot;,&quot;iso&quot;:&quot;625&quot;,&quot;shutter_speed&quot;:&quot;0.03030303030303&quot;,&quot;title&quot;:&quot;&quot;,&quot;orientation&quot;:&quot;6&quot;}\" data-image-title=\"IMG_20190626_093047738\" data-image-description=\"\" data-image-caption=\"\" data-large-file=\"https:\/\/eldiariodesanpedro.com.ar\/sitio\/wp-content\/uploads\/2019\/06\/IMG_20190626_093047738-1024x576.jpg\" data-src=\"https:\/\/eldiariodesanpedro.com.ar\/sitio\/wp-content\/uploads\/2019\/06\/IMG_20190626_093047738-1024x576.jpg\" alt=\"\" data-id=\"55184\" data-link=\"https:\/\/eldiariodesanpedro.com.ar\/sitio\/img_20190626_093047738\/\" class=\"wp-image-55184 lazyload\" data-srcset=\"https:\/\/eldiariodesanpedro.com.ar\/sitio\/wp-content\/uploads\/2019\/06\/IMG_20190626_093047738-1024x576.jpg 1024w, https:\/\/eldiariodesanpedro.com.ar\/sitio\/wp-content\/uploads\/2019\/06\/IMG_20190626_093047738-300x169.jpg 300w, https:\/\/eldiariodesanpedro.com.ar\/sitio\/wp-content\/uploads\/2019\/06\/IMG_20190626_093047738-768x432.jpg 768w\" data-sizes=\"(max-width: 1024px) 100vw, 1024px\" src=\"data:image\/svg+xml;base64,PHN2ZyB3aWR0aD0iMSIgaGVpZ2h0PSIxIiB4bWxucz0iaHR0cDovL3d3dy53My5vcmcvMjAwMC9zdmciPjwvc3ZnPg==\" style=\"--smush-placeholder-width: 1024px; --smush-placeholder-aspect-ratio: 1024\/576;\" \/><\/figure><\/li><li class=\"blocks-gallery-item\"><figure><img decoding=\"async\" width=\"1024\" height=\"576\" data-attachment-id=\"55183\" data-permalink=\"https:\/\/eldiariodesanpedro.com.ar\/sitio\/img_20190626_093042465\/\" data-orig-file=\"https:\/\/eldiariodesanpedro.com.ar\/sitio\/wp-content\/uploads\/2019\/06\/IMG_20190626_093042465.jpg\" data-orig-size=\"4160,2340\" data-comments-opened=\"1\" data-image-meta=\"{&quot;aperture&quot;:&quot;2.2&quot;,&quot;credit&quot;:&quot;&quot;,&quot;camera&quot;:&quot;motorola one&quot;,&quot;caption&quot;:&quot;&quot;,&quot;created_timestamp&quot;:&quot;1561541444&quot;,&quot;copyright&quot;:&quot;&quot;,&quot;focal_length&quot;:&quot;3.463&quot;,&quot;iso&quot;:&quot;1485&quot;,&quot;shutter_speed&quot;:&quot;0.071428571428571&quot;,&quot;title&quot;:&quot;&quot;,&quot;orientation&quot;:&quot;6&quot;}\" data-image-title=\"IMG_20190626_093042465\" data-image-description=\"\" data-image-caption=\"\" data-large-file=\"https:\/\/eldiariodesanpedro.com.ar\/sitio\/wp-content\/uploads\/2019\/06\/IMG_20190626_093042465-1024x576.jpg\" data-src=\"https:\/\/eldiariodesanpedro.com.ar\/sitio\/wp-content\/uploads\/2019\/06\/IMG_20190626_093042465-1024x576.jpg\" alt=\"\" data-id=\"55183\" data-link=\"https:\/\/eldiariodesanpedro.com.ar\/sitio\/img_20190626_093042465\/\" class=\"wp-image-55183 lazyload\" data-srcset=\"https:\/\/eldiariodesanpedro.com.ar\/sitio\/wp-content\/uploads\/2019\/06\/IMG_20190626_093042465-1024x576.jpg 1024w, https:\/\/eldiariodesanpedro.com.ar\/sitio\/wp-content\/uploads\/2019\/06\/IMG_20190626_093042465-300x169.jpg 300w, https:\/\/eldiariodesanpedro.com.ar\/sitio\/wp-content\/uploads\/2019\/06\/IMG_20190626_093042465-768x432.jpg 768w\" data-sizes=\"(max-width: 1024px) 100vw, 1024px\" src=\"data:image\/svg+xml;base64,PHN2ZyB3aWR0aD0iMSIgaGVpZ2h0PSIxIiB4bWxucz0iaHR0cDovL3d3dy53My5vcmcvMjAwMC9zdmciPjwvc3ZnPg==\" style=\"--smush-placeholder-width: 1024px; --smush-placeholder-aspect-ratio: 1024\/576;\" \/><\/figure><\/li><li class=\"blocks-gallery-item\"><figure><img decoding=\"async\" width=\"1024\" height=\"576\" data-attachment-id=\"55189\" data-permalink=\"https:\/\/eldiariodesanpedro.com.ar\/sitio\/img_20190626_093013958_hdr\/\" data-orig-file=\"https:\/\/eldiariodesanpedro.com.ar\/sitio\/wp-content\/uploads\/2019\/06\/IMG_20190626_093013958_HDR.jpg\" data-orig-size=\"4160,2340\" data-comments-opened=\"1\" data-image-meta=\"{&quot;aperture&quot;:&quot;2.2&quot;,&quot;credit&quot;:&quot;&quot;,&quot;camera&quot;:&quot;motorola one&quot;,&quot;caption&quot;:&quot;&quot;,&quot;created_timestamp&quot;:&quot;1561541416&quot;,&quot;copyright&quot;:&quot;&quot;,&quot;focal_length&quot;:&quot;3.463&quot;,&quot;iso&quot;:&quot;100&quot;,&quot;shutter_speed&quot;:&quot;0.0076335877862595&quot;,&quot;title&quot;:&quot;&quot;,&quot;orientation&quot;:&quot;1&quot;}\" data-image-title=\"IMG_20190626_093013958_HDR\" data-image-description=\"\" data-image-caption=\"\" data-large-file=\"https:\/\/eldiariodesanpedro.com.ar\/sitio\/wp-content\/uploads\/2019\/06\/IMG_20190626_093013958_HDR-1024x576.jpg\" data-src=\"https:\/\/eldiariodesanpedro.com.ar\/sitio\/wp-content\/uploads\/2019\/06\/IMG_20190626_093013958_HDR-1024x576.jpg\" alt=\"\" data-id=\"55189\" data-link=\"https:\/\/eldiariodesanpedro.com.ar\/sitio\/img_20190626_093013958_hdr\/\" class=\"wp-image-55189 lazyload\" data-srcset=\"https:\/\/eldiariodesanpedro.com.ar\/sitio\/wp-content\/uploads\/2019\/06\/IMG_20190626_093013958_HDR-1024x576.jpg 1024w, https:\/\/eldiariodesanpedro.com.ar\/sitio\/wp-content\/uploads\/2019\/06\/IMG_20190626_093013958_HDR-300x169.jpg 300w, https:\/\/eldiariodesanpedro.com.ar\/sitio\/wp-content\/uploads\/2019\/06\/IMG_20190626_093013958_HDR-768x432.jpg 768w\" data-sizes=\"(max-width: 1024px) 100vw, 1024px\" src=\"data:image\/svg+xml;base64,PHN2ZyB3aWR0aD0iMSIgaGVpZ2h0PSIxIiB4bWxucz0iaHR0cDovL3d3dy53My5vcmcvMjAwMC9zdmciPjwvc3ZnPg==\" style=\"--smush-placeholder-width: 1024px; --smush-placeholder-aspect-ratio: 1024\/576;\" \/><\/figure><\/li><\/ul>\n\n\n\n<p>Esta ma\u00f1ana, nos acercamos al lugar y dialogamos con Gricelda, Claudio y Jonathan y nos contaron su situaci\u00f3n.<\/p>\n\n\n\n<p>Gricelda comienza la nota, \u00abreclamamos un espacio f\u00edsico, ac\u00e1 hay perdidas de agua, podemos quedar electrocutados, se filtra agua y humedad en las paredes, que ademas son de durlock y est\u00e1n todas rotas, no sirven, tambi\u00e9n reclamamos el tema de pasa planta que antes de cumplir un mes, que estamos cansados de promesas la reuni\u00f3n nunca vino con el intendente, nuestra compa\u00f1era que esta embarazada le dijimos con los compa\u00f1eros que se tome licencia , no se puede usar el ba\u00f1o\u00bb<\/p>\n\n\n\n<p>\u00abNos robaron 5 veces, tenemos todos los vidrios roto y nunca los arreglaron, es triste, estamos tristes, pedimos hablar con Rolleri ( Secretario de Seguridad) pero nunca nos dieron pelota\u00bb<\/p>\n\n\n\n<p>\u00abDialogamos con el Ministerio de Trabajo, nos reunimos con la gente del Sindicato Municipales, esperamos respuestas del Ejecutivo y ac\u00e1 estamos\u00bb<\/p>\n\n\n\n<p>Claudio, se suma a la nota y expreso \u00abhace unos d\u00edas colocamos los chalecos afuera del municipio, logramos que salga Silvio Corti y dialogar algo con el, nos prometen otro lugar en el ex Correo viejo pero todav\u00eda no pudimos concretar, la reuni\u00f3n no se hace tampoco todav\u00eda\u00bb<\/p>\n\n\n\n<p>\u00abQueremos que nos escuchen, que sepan lo que estamos pasando, queremos trabajar, luchamos para hacerlo mejor, queremos que nos conozcan y que la gente nos tenga confianza, estamos en la calle y por ah\u00ed discutimos porque los precios no los cambiaron y cuando van a pagar esta el aumento implementado en el sistema, y la gente no sabe, las lineas amarillas no estan todas pintadas, nosotros ponemos la cara para cada problema\u00bb<\/p>\n\n\n\n<p>Por ultimo se suma Jonatahan, \u00ablo mismo que mis compa\u00f1eros, nuestro lugar y el pasa planta y como veras no se puede estar mas ac\u00e1, todas las ventanas est\u00e1n tapadas con cartones, diarios y carteles para que no entre fri\u00f3, que fueron rotos por robo o por da\u00f1o, esto es municipal y nunca arreglaron nada, atr\u00e1s de la puerta de ingreso esta el sistema el\u00e9ctrico que ademas funciona para toda la peatonal, que en cualquier momento se queda sin luz, hay filtraciones de agua\u00bb.<\/p>\n\n\n\n<p>Los trabajadores seguir\u00e1n con las retenciones hasta lograr una reuni\u00f3n con el Intendente Cecilio Salazar y poder ponerle fin al problema.<\/p>\n","protected":false},"excerpt":{"rendered":"<p>Desde hace mas de un mes los trabajadores\/as del Estacionamiento Medido intentan mantener un dialogo con el ejecutivo, reclamando condiciones obvias laborales. El Secretario de Gobierno en el \u00faltimo dialogo les confirm\u00f3 el cambio de la base operativa pero no se han puesto de acuerdo definitivamente. D\u00edas de reclamos, mucho agotamiento emocional, impotencia y espera [&hellip;]<\/p>\n","protected":false},"author":4,"featured_media":55191,"comment_status":"open","ping_status":"closed","sticky":false,"template":"","format":"standard","meta":{"om_disable_all_campaigns":false,"_jetpack_memberships_contains_paid_content":false,"footnotes":""},"categories":[50,101,2],"tags":[],"class_list":["post-55182","post","type-post","status-publish","format-standard","has-post-thumbnail","hentry","category-destacadas","category-interes-general-locales","category-locales"],"aioseo_notices":[],"gutentor_comment":0,"jetpack_featured_media_url":"https:\/\/eldiariodesanpedro.com.ar\/sitio\/wp-content\/uploads\/2019\/06\/IMG_20190626_093148511.jpg","jetpack_shortlink":"https:\/\/wp.me\/p6RhLt-em2","jetpack_sharing_enabled":true,"_links":{"self":[{"href":"https:\/\/eldiariodesanpedro.com.ar\/sitio\/wp-json\/wp\/v2\/posts\/55182","targetHints":{"allow":["GET"]}}],"collection":[{"href":"https:\/\/eldiariodesanpedro.com.ar\/sitio\/wp-json\/wp\/v2\/posts"}],"about":[{"href":"https:\/\/eldiariodesanpedro.com.ar\/sitio\/wp-json\/wp\/v2\/types\/post"}],"author":[{"embeddable":true,"href":"https:\/\/eldiariodesanpedro.com.ar\/sitio\/wp-json\/wp\/v2\/users\/4"}],"replies":[{"embeddable":true,"href":"https:\/\/eldiariodesanpedro.com.ar\/sitio\/wp-json\/wp\/v2\/comments?post=55182"}],"version-history":[{"count":1,"href":"https:\/\/eldiariodesanpedro.com.ar\/sitio\/wp-json\/wp\/v2\/posts\/55182\/revisions"}],"predecessor-version":[{"id":55197,"href":"https:\/\/eldiariodesanpedro.com.ar\/sitio\/wp-json\/wp\/v2\/posts\/55182\/revisions\/55197"}],"wp:featuredmedia":[{"embeddable":true,"href":"https:\/\/eldiariodesanpedro.com.ar\/sitio\/wp-json\/wp\/v2\/media\/55191"}],"wp:attachment":[{"href":"https:\/\/eldiariodesanpedro.com.ar\/sitio\/wp-json\/wp\/v2\/media?parent=55182"}],"wp:term":[{"taxonomy":"category","embeddable":true,"href":"https:\/\/eldiariodesanpedro.com.ar\/sitio\/wp-json\/wp\/v2\/categories?post=55182"},{"taxonomy":"post_tag","embeddable":true,"href":"https:\/\/eldiariodesanpedro.com.ar\/sitio\/wp-json\/wp\/v2\/tags?post=55182"}],"curies":[{"name":"wp","href":"https:\/\/api.w.org\/{rel}","templated":true}]}}