{"id":55178,"date":"2019-06-26T10:39:53","date_gmt":"2019-06-26T13:39:53","guid":{"rendered":"https:\/\/eldiariodesanpedro.com.ar\/sitio\/?p=55178"},"modified":"2019-06-26T10:39:58","modified_gmt":"2019-06-26T13:39:58","slug":"san-nicolas-provoco-danos-en-la-vivienda-agredio-a-su-madre-y-se-autolesiono","status":"publish","type":"post","link":"https:\/\/eldiariodesanpedro.com.ar\/sitio\/san-nicolas-provoco-danos-en-la-vivienda-agredio-a-su-madre-y-se-autolesiono\/","title":{"rendered":"SAN NICOL\u00c1S: Provoc\u00f3 da\u00f1os en la vivienda, agredi\u00f3 a su madre y se autolesion\u00f3"},"content":{"rendered":"<!-- VideographyWP Plugin Message: Automatic video embedding prevented by plugin options. -->\n\n<p>Polic\u00eda recibi\u00f3 un alerta por un conflicto que se hab\u00eda generado en una vivienda de calle M. Ben\u00edtez al 600 aproximadamente. Un sujeto de 45 a\u00f1os incendi\u00f3 un colch\u00f3n y adem\u00e1s agredi\u00f3 a golpes a su madre, una mujer de 83.\u00a0<\/p>\n\n\n\n<p>Al arribar el m\u00f3vil policial al domicilio, el hombre se provoc\u00f3 lesiones con un cuchillo de cocina. Logr\u00f3 ser reducido por el personal y trasladado al hospital San Felipe para recibir atenci\u00f3n m\u00e9dica y realizar las pericias psiqui\u00e1tricas.&nbsp;<\/p>\n\n\n\n<p>El sujeto qued\u00f3 internado con custodia. Mientras que se labraron actuaciones por amenazas, da\u00f1os y autolesiones con intervenci\u00f3n de la Comisar\u00eda Segunda y la UFI 6. <\/p>\n\n\n\n<p>Fuente: Diario El Informante<\/p>\n","protected":false},"excerpt":{"rendered":"<p>Polic\u00eda recibi\u00f3 un alerta por un conflicto que se hab\u00eda generado en una vivienda de calle M. Ben\u00edtez al 600 aproximadamente. Un sujeto de 45 a\u00f1os incendi\u00f3 un colch\u00f3n y adem\u00e1s agredi\u00f3 a golpes a su madre, una mujer de 83.\u00a0 Al arribar el m\u00f3vil policial al domicilio, el hombre se provoc\u00f3 lesiones con un [&hellip;]<\/p>\n","protected":false},"author":4,"featured_media":55179,"comment_status":"open","ping_status":"closed","sticky":false,"template":"","format":"standard","meta":{"om_disable_all_campaigns":false,"_jetpack_memberships_contains_paid_content":false,"footnotes":""},"categories":[2],"tags":[],"class_list":["post-55178","post","type-post","status-publish","format-standard","has-post-thumbnail","hentry","category-locales"],"aioseo_notices":[],"gutentor_comment":0,"jetpack_featured_media_url":"https:\/\/eldiariodesanpedro.com.ar\/sitio\/wp-content\/uploads\/2019\/06\/conmarca20729.jpg","jetpack_shortlink":"https:\/\/wp.me\/p6RhLt-elY","jetpack_sharing_enabled":true,"_links":{"self":[{"href":"https:\/\/eldiariodesanpedro.com.ar\/sitio\/wp-json\/wp\/v2\/posts\/55178","targetHints":{"allow":["GET"]}}],"collection":[{"href":"https:\/\/eldiariodesanpedro.com.ar\/sitio\/wp-json\/wp\/v2\/posts"}],"about":[{"href":"https:\/\/eldiariodesanpedro.com.ar\/sitio\/wp-json\/wp\/v2\/types\/post"}],"author":[{"embeddable":true,"href":"https:\/\/eldiariodesanpedro.com.ar\/sitio\/wp-json\/wp\/v2\/users\/4"}],"replies":[{"embeddable":true,"href":"https:\/\/eldiariodesanpedro.com.ar\/sitio\/wp-json\/wp\/v2\/comments?post=55178"}],"version-history":[{"count":1,"href":"https:\/\/eldiariodesanpedro.com.ar\/sitio\/wp-json\/wp\/v2\/posts\/55178\/revisions"}],"predecessor-version":[{"id":55180,"href":"https:\/\/eldiariodesanpedro.com.ar\/sitio\/wp-json\/wp\/v2\/posts\/55178\/revisions\/55180"}],"wp:featuredmedia":[{"embeddable":true,"href":"https:\/\/eldiariodesanpedro.com.ar\/sitio\/wp-json\/wp\/v2\/media\/55179"}],"wp:attachment":[{"href":"https:\/\/eldiariodesanpedro.com.ar\/sitio\/wp-json\/wp\/v2\/media?parent=55178"}],"wp:term":[{"taxonomy":"category","embeddable":true,"href":"https:\/\/eldiariodesanpedro.com.ar\/sitio\/wp-json\/wp\/v2\/categories?post=55178"},{"taxonomy":"post_tag","embeddable":true,"href":"https:\/\/eldiariodesanpedro.com.ar\/sitio\/wp-json\/wp\/v2\/tags?post=55178"}],"curies":[{"name":"wp","href":"https:\/\/api.w.org\/{rel}","templated":true}]}}