{"id":55168,"date":"2019-06-26T10:31:44","date_gmt":"2019-06-26T13:31:44","guid":{"rendered":"https:\/\/eldiariodesanpedro.com.ar\/sitio\/?p=55168"},"modified":"2019-06-26T10:33:03","modified_gmt":"2019-06-26T13:33:03","slug":"ramallo-estafaron-a-una-vecina-a-traves-de-facebook","status":"publish","type":"post","link":"https:\/\/eldiariodesanpedro.com.ar\/sitio\/ramallo-estafaron-a-una-vecina-a-traves-de-facebook\/","title":{"rendered":"RAMALLO: Estafaron a una vecina a trav\u00e9s de Facebook"},"content":{"rendered":"<!-- VideographyWP Plugin Message: Automatic video embedding prevented by plugin options. -->\n\n<p>Mediante un enga\u00f1o, una presunta prestadora de servicios le gener\u00f3 incalculables p\u00e9rdidas econ\u00f3micas a una ciudadana usando las redes sociales.<\/p>\n\n\n\n<p>El hecho ocurri\u00f3 el pasado 12 de junio cuando una vecina acept\u00f3 una propuesta de una prestadora de cr\u00e9ditos a trav\u00e9s de Facebook.<\/p>\n\n\n\n<p>La v\u00edctima, una mujer de 39 a\u00f1os de edad, necesitaba el dinero para asuntos personales y se comunic\u00f3 con la prestadora para concretar el tr\u00e1mite. \u00c9sta le indic\u00f3 que para iniciarlo, deb\u00eda hacer un dep\u00f3sito a t\u00edtulo de gastos administrativos.<\/p>\n\n\n\n<p>Mediante esta treta, la organizaci\u00f3n delictiva recolecta miles de pesos.<\/p>\n\n\n\n<p>Una vez que la v\u00edctima empez\u00f3 a sospechar de la \u201cjugada\u201d, comenz\u00f3 a llamar a la prestadora y luego de no atender sus llamados, fue bloqueada en cada v\u00eda de comunicaci\u00f3n que hab\u00edan establecido.<\/p>\n\n\n\n<p>La mujer realiz\u00f3 el pasado viernes la denuncia en la Comisar\u00eda Primera de Ramallo, y de esa forma comenz\u00f3 la investigaci\u00f3n para dar con el responsable de la estafa.<\/p>\n\n\n\n<p>Fuente: Ramallo Informa<\/p>\n","protected":false},"excerpt":{"rendered":"<p>Mediante un enga\u00f1o, una presunta prestadora de servicios le gener\u00f3 incalculables p\u00e9rdidas econ\u00f3micas a una ciudadana usando las redes sociales. El hecho ocurri\u00f3 el pasado 12 de junio cuando una vecina acept\u00f3 una propuesta de una prestadora de cr\u00e9ditos a trav\u00e9s de Facebook. La v\u00edctima, una mujer de 39 a\u00f1os de edad, necesitaba el dinero [&hellip;]<\/p>\n","protected":false},"author":4,"featured_media":55169,"comment_status":"open","ping_status":"closed","sticky":false,"template":"","format":"standard","meta":{"om_disable_all_campaigns":false,"_jetpack_memberships_contains_paid_content":false,"footnotes":""},"categories":[621],"tags":[],"class_list":["post-55168","post","type-post","status-publish","format-standard","has-post-thumbnail","hentry","category-regionales"],"aioseo_notices":[],"gutentor_comment":0,"jetpack_featured_media_url":"https:\/\/eldiariodesanpedro.com.ar\/sitio\/wp-content\/uploads\/2019\/06\/cuento_del_tio_facebook.jpg","jetpack_shortlink":"https:\/\/wp.me\/p6RhLt-elO","jetpack_sharing_enabled":true,"_links":{"self":[{"href":"https:\/\/eldiariodesanpedro.com.ar\/sitio\/wp-json\/wp\/v2\/posts\/55168","targetHints":{"allow":["GET"]}}],"collection":[{"href":"https:\/\/eldiariodesanpedro.com.ar\/sitio\/wp-json\/wp\/v2\/posts"}],"about":[{"href":"https:\/\/eldiariodesanpedro.com.ar\/sitio\/wp-json\/wp\/v2\/types\/post"}],"author":[{"embeddable":true,"href":"https:\/\/eldiariodesanpedro.com.ar\/sitio\/wp-json\/wp\/v2\/users\/4"}],"replies":[{"embeddable":true,"href":"https:\/\/eldiariodesanpedro.com.ar\/sitio\/wp-json\/wp\/v2\/comments?post=55168"}],"version-history":[{"count":2,"href":"https:\/\/eldiariodesanpedro.com.ar\/sitio\/wp-json\/wp\/v2\/posts\/55168\/revisions"}],"predecessor-version":[{"id":55171,"href":"https:\/\/eldiariodesanpedro.com.ar\/sitio\/wp-json\/wp\/v2\/posts\/55168\/revisions\/55171"}],"wp:featuredmedia":[{"embeddable":true,"href":"https:\/\/eldiariodesanpedro.com.ar\/sitio\/wp-json\/wp\/v2\/media\/55169"}],"wp:attachment":[{"href":"https:\/\/eldiariodesanpedro.com.ar\/sitio\/wp-json\/wp\/v2\/media?parent=55168"}],"wp:term":[{"taxonomy":"category","embeddable":true,"href":"https:\/\/eldiariodesanpedro.com.ar\/sitio\/wp-json\/wp\/v2\/categories?post=55168"},{"taxonomy":"post_tag","embeddable":true,"href":"https:\/\/eldiariodesanpedro.com.ar\/sitio\/wp-json\/wp\/v2\/tags?post=55168"}],"curies":[{"name":"wp","href":"https:\/\/api.w.org\/{rel}","templated":true}]}}