{"id":55165,"date":"2019-06-26T10:29:17","date_gmt":"2019-06-26T13:29:17","guid":{"rendered":"https:\/\/eldiariodesanpedro.com.ar\/sitio\/?p=55165"},"modified":"2019-06-26T10:29:21","modified_gmt":"2019-06-26T13:29:21","slug":"ramallo-el-same-ya-es-una-realidad","status":"publish","type":"post","link":"https:\/\/eldiariodesanpedro.com.ar\/sitio\/ramallo-el-same-ya-es-una-realidad\/","title":{"rendered":"RAMALLO: El SAME ya es una realidad"},"content":{"rendered":"<!-- VideographyWP Plugin Message: Automatic video embedding prevented by plugin options. -->\n\n<p>En conferencia de prensa el intendente de Ramallo Mauro Poletti junto al director de manejo de emergencias sanitarias y cat\u00e1strofes, Federico Villagr\u00e1n, realizaron la firma de documentos y la presentaci\u00f3n de la ambulancia que el SAME entrega al municipio. Tambi\u00e9n estuvieron presentes la Secretaria de Salud de la municipalidad, Noelia Cejas y el concejal Diego Ram\u00edrez.<br><\/p>\n\n\n\n<p>\u201cQuiero agradecer la presencia de Federico, de la doctora Cejas y del concejal Diego Ram\u00edrez, que nos acompa\u00f1an en el&nbsp; d\u00eda de la fecha&nbsp; dando un nuevo paso muy importante para la implementaci\u00f3n y consolidaci\u00f3n de este servicio de emergencias m\u00e9dicas que implementa la provincia y que trabaja mancomunadamente&nbsp; con cada uno de los 105 municipios de la provincia de Buenos Aires. Digo, es un paso m\u00e1s, porque ya se viene trabajando desde hace un tiempo y la presencia del concejal Ram\u00edrez se debe a que nos&nbsp; acompa\u00f1\u00f3 en las gestiones junto a la doctora Cejas y al director del hospital doctor Mill\u00e1n. Ese trabajo previo incluy\u00f3 tambi\u00e9n&nbsp; una capacitaci\u00f3n al personal involucrado en este sistema. La provincia en el d\u00eda de hoy nos estar\u00e1 haciendo entrega de una ambulancia de emergencia de \u00faltima generaci\u00f3n totalmente equipada;&nbsp; el municipio aporta el resto de las ambulancias y recurso humano para la implementaci\u00f3n de este servicio\u201d, manifest\u00f3 el intendente Poletti.<\/p>\n\n\n\n<p><br>Por el momento la central del SAME estar\u00e1 ubicada en el Hospital Jos\u00e9 Mar\u00eda Gomendio, sin embargo&nbsp; Poletti dijo que \u201cle solicitamos al gobierno de la provincia de Buenos Aires que nos ceda en calidad de pr\u00e9stamo o de comodato un predio que est\u00e1 ubicado en cercan\u00edas de la autopista en la intersecci\u00f3n con ruta 51, que es propiedad de la provincia, pero que a los efectos de la implementaci\u00f3n de este servicio de emergencias&nbsp; resultar\u00eda necesario, estrat\u00e9gico y prioritario. Estrat\u00e9gico porque le permitir\u00eda llegar al municipio a las cuatro localidades, exceptuando a P\u00e9rez Mill\u00e1n que seguir\u00eda trabajando de forma aut\u00f3noma debido a las distancias que tenemos con esta localidad, donde ante la requisitoria de cualquier vecino este&nbsp; pueda tener una ambulancia con un m\u00e9dico&nbsp; y un enfermero en la puerta de su domicilio\u00bb.<\/p>\n\n\n\n<p>&nbsp;Y continuo \u201ctambi\u00e9n es estrat\u00e9gico para los objetivos&nbsp; que persigue la provincia de Buenos Aires con la implementaci\u00f3n del SAME en los diferentes municipios, que ante una contingencia que pueda sobrepasar la estructura que tenga cada uno de los municipios, puedan trabajar de manera mancomunada en dar respuesta a esta emergencia con lo cual el hecho de poder contar con este predio&nbsp; a segundos de&nbsp; la autopista nos da una ventaja comparativa en la posibilidad de dar una respuesta con la mayor celeridad posible\u00bb.&nbsp;<\/p>\n\n\n\n<p>Con respecto a la futura sede de la Central SAME, Poletti dijo: \u201cSi la provincia decide cedernos el lugar, el municipio estar\u00eda dispuesto a realizar las inversiones necesarias, humanas y econ\u00f3micas, para poner en condiciones y construir la base y central de emergencias, trasladando no s\u00f3lo el SAME, sino tambi\u00e9n, todo lo que tiene que ver con monitoreo y las diferentes respuestas que da el municipio en torno a las distintas emergencias y contingencias que se pudieran producir. Por \u00faltimo agradecer a Federico y a la provincia por esta iniciativa, por estar presente en todo este proceso que se va a estar materializando con la implementaci\u00f3n de&nbsp; este servicio y a todos los que han aportado su granito de arena para que esto se haga realidad\u00bb.&nbsp; &nbsp; &nbsp; &nbsp; &nbsp; &nbsp; &nbsp; &nbsp; &nbsp; &nbsp; &nbsp; &nbsp; &nbsp; &nbsp; &nbsp; &nbsp; &nbsp; &nbsp; &nbsp;<\/p>\n\n\n\n<p>La ambulancia es de alta complejidad para traslado de adultos y pedi\u00e1tricos con el equipamiento completo. Incluye kit de parto y bolso de v\u00eda a\u00e9rea, bolso de trauma, kit y para quemados; tambi\u00e9n cardio desfibrilador y chaleco Kendrick adulto y pedi\u00e1trico.<\/p>\n\n\n\n<p>Fuente: La Radio Ramallo<\/p>\n","protected":false},"excerpt":{"rendered":"<p>En conferencia de prensa el intendente de Ramallo Mauro Poletti junto al director de manejo de emergencias sanitarias y cat\u00e1strofes, Federico Villagr\u00e1n, realizaron la firma de documentos y la presentaci\u00f3n de la ambulancia que el SAME entrega al municipio. Tambi\u00e9n estuvieron presentes la Secretaria de Salud de la municipalidad, Noelia Cejas y el concejal Diego [&hellip;]<\/p>\n","protected":false},"author":4,"featured_media":55166,"comment_status":"open","ping_status":"closed","sticky":false,"template":"","format":"standard","meta":{"om_disable_all_campaigns":false,"_jetpack_memberships_contains_paid_content":false,"footnotes":""},"categories":[621],"tags":[],"class_list":["post-55165","post","type-post","status-publish","format-standard","has-post-thumbnail","hentry","category-regionales"],"aioseo_notices":[],"gutentor_comment":0,"jetpack_featured_media_url":"https:\/\/eldiariodesanpedro.com.ar\/sitio\/wp-content\/uploads\/2019\/06\/resize_1561506388.jpg","jetpack_shortlink":"https:\/\/wp.me\/p6RhLt-elL","jetpack_sharing_enabled":true,"_links":{"self":[{"href":"https:\/\/eldiariodesanpedro.com.ar\/sitio\/wp-json\/wp\/v2\/posts\/55165","targetHints":{"allow":["GET"]}}],"collection":[{"href":"https:\/\/eldiariodesanpedro.com.ar\/sitio\/wp-json\/wp\/v2\/posts"}],"about":[{"href":"https:\/\/eldiariodesanpedro.com.ar\/sitio\/wp-json\/wp\/v2\/types\/post"}],"author":[{"embeddable":true,"href":"https:\/\/eldiariodesanpedro.com.ar\/sitio\/wp-json\/wp\/v2\/users\/4"}],"replies":[{"embeddable":true,"href":"https:\/\/eldiariodesanpedro.com.ar\/sitio\/wp-json\/wp\/v2\/comments?post=55165"}],"version-history":[{"count":1,"href":"https:\/\/eldiariodesanpedro.com.ar\/sitio\/wp-json\/wp\/v2\/posts\/55165\/revisions"}],"predecessor-version":[{"id":55167,"href":"https:\/\/eldiariodesanpedro.com.ar\/sitio\/wp-json\/wp\/v2\/posts\/55165\/revisions\/55167"}],"wp:featuredmedia":[{"embeddable":true,"href":"https:\/\/eldiariodesanpedro.com.ar\/sitio\/wp-json\/wp\/v2\/media\/55166"}],"wp:attachment":[{"href":"https:\/\/eldiariodesanpedro.com.ar\/sitio\/wp-json\/wp\/v2\/media?parent=55165"}],"wp:term":[{"taxonomy":"category","embeddable":true,"href":"https:\/\/eldiariodesanpedro.com.ar\/sitio\/wp-json\/wp\/v2\/categories?post=55165"},{"taxonomy":"post_tag","embeddable":true,"href":"https:\/\/eldiariodesanpedro.com.ar\/sitio\/wp-json\/wp\/v2\/tags?post=55165"}],"curies":[{"name":"wp","href":"https:\/\/api.w.org\/{rel}","templated":true}]}}