{"id":55162,"date":"2019-06-26T10:36:13","date_gmt":"2019-06-26T13:36:13","guid":{"rendered":"https:\/\/eldiariodesanpedro.com.ar\/sitio\/?p=55162"},"modified":"2019-06-26T10:36:18","modified_gmt":"2019-06-26T13:36:18","slug":"accidentes-dos-colisiones-entre-autos-y-motos","status":"publish","type":"post","link":"https:\/\/eldiariodesanpedro.com.ar\/sitio\/accidentes-dos-colisiones-entre-autos-y-motos\/","title":{"rendered":"Accidentes: Dos colisiones entre autos y motos"},"content":{"rendered":"<!-- VideographyWP Plugin Message: Automatic video embedding prevented by plugin options. -->\n\n<p>Sucedieron entre las 21 y 22 horas del martes, los participantes no resultaron con lesiones graves.<\/p>\n\n\n\n<p>El primer siniestro ocurri\u00f3 en 11 de Septiembre y Alvarado donde un autom\u00f3vil marca Peugeot 307, conducido por un joven de 21 a\u00f1os de edad, colisiona con una motocicleta marca Gilera conducida por un hombre de 32, quien resulta lesionado trasladado por la ambulancia del SAME con lesiones de car\u00e1cter leve.<\/p>\n\n\n\n<p>El segundo, ocurri\u00f3 en intersecci\u00f3n de la calle Mitre y San Mart\u00edn, un autom\u00f3vil marca VW conducido por una mujer de 62, colisiona con una moto Honda Biz 125 cc, conducida por un menor de 15, quien es trasladado al nosocomio por la ambulancia del SAME con lesiones de car\u00e1cter leve.<\/p>\n\n\n\n<p><br><\/p>\n","protected":false},"excerpt":{"rendered":"<p>Sucedieron entre las 21 y 22 horas del martes, los participantes no resultaron con lesiones graves. El primer siniestro ocurri\u00f3 en 11 de Septiembre y Alvarado donde un autom\u00f3vil marca Peugeot 307, conducido por un joven de 21 a\u00f1os de edad, colisiona con una motocicleta marca Gilera conducida por un hombre de 32, quien resulta [&hellip;]<\/p>\n","protected":false},"author":4,"featured_media":27202,"comment_status":"open","ping_status":"closed","sticky":false,"template":"","format":"standard","meta":{"om_disable_all_campaigns":false,"_jetpack_memberships_contains_paid_content":false,"footnotes":""},"categories":[2,103],"tags":[],"class_list":["post-55162","post","type-post","status-publish","format-standard","has-post-thumbnail","hentry","category-locales","category-policiales-locales"],"aioseo_notices":[],"gutentor_comment":0,"jetpack_featured_media_url":"https:\/\/eldiariodesanpedro.com.ar\/sitio\/wp-content\/uploads\/2017\/12\/ambulancia-same-provincia.jpg","jetpack_shortlink":"https:\/\/wp.me\/p6RhLt-elI","jetpack_sharing_enabled":true,"_links":{"self":[{"href":"https:\/\/eldiariodesanpedro.com.ar\/sitio\/wp-json\/wp\/v2\/posts\/55162","targetHints":{"allow":["GET"]}}],"collection":[{"href":"https:\/\/eldiariodesanpedro.com.ar\/sitio\/wp-json\/wp\/v2\/posts"}],"about":[{"href":"https:\/\/eldiariodesanpedro.com.ar\/sitio\/wp-json\/wp\/v2\/types\/post"}],"author":[{"embeddable":true,"href":"https:\/\/eldiariodesanpedro.com.ar\/sitio\/wp-json\/wp\/v2\/users\/4"}],"replies":[{"embeddable":true,"href":"https:\/\/eldiariodesanpedro.com.ar\/sitio\/wp-json\/wp\/v2\/comments?post=55162"}],"version-history":[{"count":1,"href":"https:\/\/eldiariodesanpedro.com.ar\/sitio\/wp-json\/wp\/v2\/posts\/55162\/revisions"}],"predecessor-version":[{"id":55173,"href":"https:\/\/eldiariodesanpedro.com.ar\/sitio\/wp-json\/wp\/v2\/posts\/55162\/revisions\/55173"}],"wp:featuredmedia":[{"embeddable":true,"href":"https:\/\/eldiariodesanpedro.com.ar\/sitio\/wp-json\/wp\/v2\/media\/27202"}],"wp:attachment":[{"href":"https:\/\/eldiariodesanpedro.com.ar\/sitio\/wp-json\/wp\/v2\/media?parent=55162"}],"wp:term":[{"taxonomy":"category","embeddable":true,"href":"https:\/\/eldiariodesanpedro.com.ar\/sitio\/wp-json\/wp\/v2\/categories?post=55162"},{"taxonomy":"post_tag","embeddable":true,"href":"https:\/\/eldiariodesanpedro.com.ar\/sitio\/wp-json\/wp\/v2\/tags?post=55162"}],"curies":[{"name":"wp","href":"https:\/\/api.w.org\/{rel}","templated":true}]}}