{"id":55134,"date":"2019-06-26T09:54:07","date_gmt":"2019-06-26T12:54:07","guid":{"rendered":"https:\/\/eldiariodesanpedro.com.ar\/sitio\/?p=55134"},"modified":"2019-06-26T09:56:11","modified_gmt":"2019-06-26T12:56:11","slug":"kicillof-visita-san-pedro-este-jueves","status":"publish","type":"post","link":"https:\/\/eldiariodesanpedro.com.ar\/sitio\/kicillof-visita-san-pedro-este-jueves\/","title":{"rendered":"Kicillof visita San Pedro este jueves"},"content":{"rendered":"<!-- VideographyWP Plugin Message: Automatic video embedding prevented by plugin options. -->\n\n<p>El actual candidato a Gobernador de la provincia de Buenos Aires y ex ministro de econom\u00eda de Cristina Kirchner\u00a0llegar\u00e1 a la ciudad este jueves a las 19 horas en la sede del sindicato de Luz y Fuerza. Adem\u00e1s se invit\u00f3 a los cuatro pre candidatos\u00a0locales para que acompa\u00f1en la jornada y se muestren juntos m\u00e1s all\u00e1 de que luego se crucen en las internas.\u00a0La idea es que el dirigente respalde las candidaturas locales, Noat, Arana, Esterlich y Juhant.<\/p>\n\n\n\n<p>Kiciloff\u00a0integra la f\u00f3rmula junto a Ver\u00f3nica Magario\u00a0y forman parte de la lista que lleva como candidato a presidente a Alberto Fern\u00e1ndez y Cristina Fern\u00e1ndez de Kirchner.<\/p>\n\n\n\n<p>Fuente: San Pedro Informa<\/p>\n\n\n\n<figure class=\"wp-block-image\"><img decoding=\"async\" width=\"724\" height=\"1024\" data-attachment-id=\"55137\" data-permalink=\"https:\/\/eldiariodesanpedro.com.ar\/sitio\/kicillof-visita-san-pedro-este-jueves\/whatsapp-image-2019-06-25-at-17-16-46\/\" data-orig-file=\"https:\/\/eldiariodesanpedro.com.ar\/sitio\/wp-content\/uploads\/2019\/06\/WhatsApp-Image-2019-06-25-at-17.16.46.jpeg\" data-orig-size=\"905,1280\" data-comments-opened=\"1\" data-image-meta=\"{&quot;aperture&quot;:&quot;0&quot;,&quot;credit&quot;:&quot;&quot;,&quot;camera&quot;:&quot;&quot;,&quot;caption&quot;:&quot;&quot;,&quot;created_timestamp&quot;:&quot;0&quot;,&quot;copyright&quot;:&quot;&quot;,&quot;focal_length&quot;:&quot;0&quot;,&quot;iso&quot;:&quot;0&quot;,&quot;shutter_speed&quot;:&quot;0&quot;,&quot;title&quot;:&quot;&quot;,&quot;orientation&quot;:&quot;0&quot;}\" data-image-title=\"WhatsApp Image 2019-06-25 at 17.16.46\" data-image-description=\"\" data-image-caption=\"\" data-large-file=\"https:\/\/eldiariodesanpedro.com.ar\/sitio\/wp-content\/uploads\/2019\/06\/WhatsApp-Image-2019-06-25-at-17.16.46-724x1024.jpeg\" data-src=\"https:\/\/eldiariodesanpedro.com.ar\/sitio\/wp-content\/uploads\/2019\/06\/WhatsApp-Image-2019-06-25-at-17.16.46-724x1024.jpeg\" alt=\"\" class=\"wp-image-55137 lazyload\" data-srcset=\"https:\/\/eldiariodesanpedro.com.ar\/sitio\/wp-content\/uploads\/2019\/06\/WhatsApp-Image-2019-06-25-at-17.16.46-724x1024.jpeg 724w, https:\/\/eldiariodesanpedro.com.ar\/sitio\/wp-content\/uploads\/2019\/06\/WhatsApp-Image-2019-06-25-at-17.16.46-212x300.jpeg 212w, https:\/\/eldiariodesanpedro.com.ar\/sitio\/wp-content\/uploads\/2019\/06\/WhatsApp-Image-2019-06-25-at-17.16.46-768x1086.jpeg 768w, https:\/\/eldiariodesanpedro.com.ar\/sitio\/wp-content\/uploads\/2019\/06\/WhatsApp-Image-2019-06-25-at-17.16.46.jpeg 905w\" data-sizes=\"(max-width: 724px) 100vw, 724px\" src=\"data:image\/svg+xml;base64,PHN2ZyB3aWR0aD0iMSIgaGVpZ2h0PSIxIiB4bWxucz0iaHR0cDovL3d3dy53My5vcmcvMjAwMC9zdmciPjwvc3ZnPg==\" style=\"--smush-placeholder-width: 724px; --smush-placeholder-aspect-ratio: 724\/1024;\" \/><\/figure>\n","protected":false},"excerpt":{"rendered":"<p>El actual candidato a Gobernador de la provincia de Buenos Aires y ex ministro de econom\u00eda de Cristina Kirchner\u00a0llegar\u00e1 a la ciudad este jueves a las 19 horas en la sede del sindicato de Luz y Fuerza. Adem\u00e1s se invit\u00f3 a los cuatro pre candidatos\u00a0locales para que acompa\u00f1en la jornada y se muestren juntos m\u00e1s [&hellip;]<\/p>\n","protected":false},"author":4,"featured_media":55136,"comment_status":"open","ping_status":"closed","sticky":false,"template":"","format":"standard","meta":{"om_disable_all_campaigns":false,"_jetpack_memberships_contains_paid_content":false,"footnotes":""},"categories":[2,102],"tags":[],"class_list":["post-55134","post","type-post","status-publish","format-standard","has-post-thumbnail","hentry","category-locales","category-politica-locales"],"aioseo_notices":[],"gutentor_comment":0,"jetpack_featured_media_url":"https:\/\/eldiariodesanpedro.com.ar\/sitio\/wp-content\/uploads\/2019\/06\/axel-1.jpg","jetpack_shortlink":"https:\/\/wp.me\/p6RhLt-elg","jetpack_sharing_enabled":true,"_links":{"self":[{"href":"https:\/\/eldiariodesanpedro.com.ar\/sitio\/wp-json\/wp\/v2\/posts\/55134","targetHints":{"allow":["GET"]}}],"collection":[{"href":"https:\/\/eldiariodesanpedro.com.ar\/sitio\/wp-json\/wp\/v2\/posts"}],"about":[{"href":"https:\/\/eldiariodesanpedro.com.ar\/sitio\/wp-json\/wp\/v2\/types\/post"}],"author":[{"embeddable":true,"href":"https:\/\/eldiariodesanpedro.com.ar\/sitio\/wp-json\/wp\/v2\/users\/4"}],"replies":[{"embeddable":true,"href":"https:\/\/eldiariodesanpedro.com.ar\/sitio\/wp-json\/wp\/v2\/comments?post=55134"}],"version-history":[{"count":2,"href":"https:\/\/eldiariodesanpedro.com.ar\/sitio\/wp-json\/wp\/v2\/posts\/55134\/revisions"}],"predecessor-version":[{"id":55139,"href":"https:\/\/eldiariodesanpedro.com.ar\/sitio\/wp-json\/wp\/v2\/posts\/55134\/revisions\/55139"}],"wp:featuredmedia":[{"embeddable":true,"href":"https:\/\/eldiariodesanpedro.com.ar\/sitio\/wp-json\/wp\/v2\/media\/55136"}],"wp:attachment":[{"href":"https:\/\/eldiariodesanpedro.com.ar\/sitio\/wp-json\/wp\/v2\/media?parent=55134"}],"wp:term":[{"taxonomy":"category","embeddable":true,"href":"https:\/\/eldiariodesanpedro.com.ar\/sitio\/wp-json\/wp\/v2\/categories?post=55134"},{"taxonomy":"post_tag","embeddable":true,"href":"https:\/\/eldiariodesanpedro.com.ar\/sitio\/wp-json\/wp\/v2\/tags?post=55134"}],"curies":[{"name":"wp","href":"https:\/\/api.w.org\/{rel}","templated":true}]}}