{"id":55132,"date":"2019-06-26T09:51:26","date_gmt":"2019-06-26T12:51:26","guid":{"rendered":"https:\/\/eldiariodesanpedro.com.ar\/sitio\/?p=55132"},"modified":"2019-06-26T09:51:30","modified_gmt":"2019-06-26T12:51:30","slug":"rentas-informa-tramite-de-alta-baja-y-cambio-de-titularidad-de-automotores-y-motovehiculos","status":"publish","type":"post","link":"https:\/\/eldiariodesanpedro.com.ar\/sitio\/rentas-informa-tramite-de-alta-baja-y-cambio-de-titularidad-de-automotores-y-motovehiculos\/","title":{"rendered":"RENTAS INFORMA: Tr\u00e1mite de alta, baja y cambio de titularidad de automotores y motoveh\u00edculos"},"content":{"rendered":"<!-- VideographyWP Plugin Message: Automatic video embedding prevented by plugin options. -->\n\n<p>\n\nLa Direcci\u00f3n de Rentas de la Municipalidad de San Pedro informa a los contribuyentes, que en caso de adquirir o vender un automotor o moto veh\u00edculo deber\u00e1n tener en cuenta, los tr\u00e1mites correspondientes no s\u00f3lo en el Registro Nacional del Automotor, sino tambi\u00e9n en el Municipio con el fin de mantener actualizado y regularizada la situaci\u00f3n impositiva del mismo.<\/p>\n\n\n\n<p>\u2022 <strong>Alta de automotores<\/strong>Son veh\u00edculos que provienen desde otros municipios. Requisitos y documentaci\u00f3n a presentar:<\/p>\n\n\n\n<p>-Copia de T\u00edtulo del veh\u00edculo ya radicado en San Pedro-Copia de la baja impositiva del \u00faltimo lugar de radicaci\u00f3n-Copia del DNI del titular-Copia de la constancia de CUIT del titular-Pago del sellado de alta<\/p>\n\n\n\n<p>\u2022 <strong>Baja de automotores<\/strong>Son veh\u00edculos que se radicaran en otros municipios. Requisitos y documentaci\u00f3n a presentar para solicitar la baja:<\/p>\n\n\n\n<p>-Copia de T\u00edtulo del veh\u00edculo ya radicado en otro municipio.-Pago del sellado de baja.<\/p>\n\n\n\n<p>\u2022 <strong>Cambio de Titularidad de automotores<\/strong>Son veh\u00edculos que cambian de titular pero contin\u00faan radicados dentro del partido de San Pedro. Requisitos y documentaci\u00f3n a presentar:<\/p>\n\n\n\n<p>-Copia de T\u00edtulo del veh\u00edculo a nombre del nuevo adquiriente-Copia del DNI del titular-Copia de la constancia de CUIT del titular-Pago del sellado de cambio de titularidad<\/p>\n\n\n\n<p>\u2022 <strong>Alta de Moto veh\u00edculos<\/strong>Requisitos y documentaci\u00f3n a presentar:<br>*Para moto veh\u00edculos que provienen desde otro municipio:-Copia de T\u00edtulo del moto veh\u00edculo ya radicado en San Pedro<br>-Copia de la baja impositiva del \u00faltimo lugar de radicaci\u00f3n-Copia del DNI del titular-Copia de la constancia de CUIT del titular-Pago del sellado de alta<br>*Para moto veh\u00edculos 0km:-Copia de T\u00edtulo del moto veh\u00edculo&nbsp;<br>-Copia de la factura de compra-Copia del DNI del titular-Copia de la constancia de CUIT del titular-Pago del sellado de alta<\/p>\n\n\n\n<p>\u2022 <strong>Baja de Moto veh\u00edculos<\/strong>Son moto veh\u00edculos que se radican en otros municipios. Por esta raz\u00f3n dejan de tributar en San Pedro y deber\u00e1 solicitarse la baja. Requisitos y documentaci\u00f3n a presentar:<br>-Copia de T\u00edtulo del moto veh\u00edculo ya radicado en otro municipio.-Pago del sellado de baja.<\/p>\n\n\n\n<p>\u2022 <strong>Cambio de Titularidad de Moto veh\u00edculos<\/strong>Son moto veh\u00edculos que cambian de titular pero contin\u00faan radicados dentro del partido de San Pedro. Requisitos y documentaci\u00f3n a presentar:<br>-Copia de T\u00edtulo del moto veh\u00edculo a nombre del nuevo adquiriente-Copia del DNI del titular-Copia de la constancia de CUIT del titular-Pago del sellado de cambio de titularidad\n\n<\/p>\n","protected":false},"excerpt":{"rendered":"<p>La Direcci\u00f3n de Rentas de la Municipalidad de San Pedro informa a los contribuyentes, que en caso de adquirir o vender un automotor o moto veh\u00edculo deber\u00e1n tener en cuenta, los tr\u00e1mites correspondientes no s\u00f3lo en el Registro Nacional del Automotor, sino tambi\u00e9n en el Municipio con el fin de mantener actualizado y regularizada la [&hellip;]<\/p>\n","protected":false},"author":4,"featured_media":4495,"comment_status":"open","ping_status":"closed","sticky":false,"template":"","format":"standard","meta":{"om_disable_all_campaigns":false,"_jetpack_memberships_contains_paid_content":false,"footnotes":""},"categories":[101,2],"tags":[],"class_list":["post-55132","post","type-post","status-publish","format-standard","has-post-thumbnail","hentry","category-interes-general-locales","category-locales"],"aioseo_notices":[],"gutentor_comment":0,"jetpack_featured_media_url":"https:\/\/eldiariodesanpedro.com.ar\/sitio\/wp-content\/uploads\/2016\/05\/Municipalidad.jpg","jetpack_shortlink":"https:\/\/wp.me\/p6RhLt-ele","jetpack_sharing_enabled":true,"_links":{"self":[{"href":"https:\/\/eldiariodesanpedro.com.ar\/sitio\/wp-json\/wp\/v2\/posts\/55132","targetHints":{"allow":["GET"]}}],"collection":[{"href":"https:\/\/eldiariodesanpedro.com.ar\/sitio\/wp-json\/wp\/v2\/posts"}],"about":[{"href":"https:\/\/eldiariodesanpedro.com.ar\/sitio\/wp-json\/wp\/v2\/types\/post"}],"author":[{"embeddable":true,"href":"https:\/\/eldiariodesanpedro.com.ar\/sitio\/wp-json\/wp\/v2\/users\/4"}],"replies":[{"embeddable":true,"href":"https:\/\/eldiariodesanpedro.com.ar\/sitio\/wp-json\/wp\/v2\/comments?post=55132"}],"version-history":[{"count":1,"href":"https:\/\/eldiariodesanpedro.com.ar\/sitio\/wp-json\/wp\/v2\/posts\/55132\/revisions"}],"predecessor-version":[{"id":55133,"href":"https:\/\/eldiariodesanpedro.com.ar\/sitio\/wp-json\/wp\/v2\/posts\/55132\/revisions\/55133"}],"wp:featuredmedia":[{"embeddable":true,"href":"https:\/\/eldiariodesanpedro.com.ar\/sitio\/wp-json\/wp\/v2\/media\/4495"}],"wp:attachment":[{"href":"https:\/\/eldiariodesanpedro.com.ar\/sitio\/wp-json\/wp\/v2\/media?parent=55132"}],"wp:term":[{"taxonomy":"category","embeddable":true,"href":"https:\/\/eldiariodesanpedro.com.ar\/sitio\/wp-json\/wp\/v2\/categories?post=55132"},{"taxonomy":"post_tag","embeddable":true,"href":"https:\/\/eldiariodesanpedro.com.ar\/sitio\/wp-json\/wp\/v2\/tags?post=55132"}],"curies":[{"name":"wp","href":"https:\/\/api.w.org\/{rel}","templated":true}]}}