{"id":55127,"date":"2019-06-26T09:49:58","date_gmt":"2019-06-26T12:49:58","guid":{"rendered":"https:\/\/eldiariodesanpedro.com.ar\/sitio\/?p=55127"},"modified":"2019-06-26T09:50:03","modified_gmt":"2019-06-26T12:50:03","slug":"funcionarios-municipales-analizaron-la-situacion-actual-y-nuevas-iniciativas-para-controlar-la-seguridad","status":"publish","type":"post","link":"https:\/\/eldiariodesanpedro.com.ar\/sitio\/funcionarios-municipales-analizaron-la-situacion-actual-y-nuevas-iniciativas-para-controlar-la-seguridad\/","title":{"rendered":"Funcionarios municipales analizaron la situaci\u00f3n actual y nuevas iniciativas para controlar la seguridad"},"content":{"rendered":"<!-- VideographyWP Plugin Message: Automatic video embedding prevented by plugin options. -->\n\n<p>El lunes por la noche, invitados por la Comisi\u00f3n Directiva del Centro de Comercio e Industria, \u00a0representantes del gobierno municipal, participaron de una reuni\u00f3n con los integrantes de nuestra entidad, en la que se repasaron los temas m\u00e1s importantes y preocupantes relacionados con esta problem\u00e1tica.<br>La persistencia de hechos delictivos graves y los matices con los que se han presentando algunos casos recientes, derivaron en este encuentro, planteado con la intenci\u00f3n de que se nos informen las medidas o estrategias planteadas, para alcanzar resultados satisfactorios en la prevenci\u00f3n y la acci\u00f3n.\u00a0<\/p>\n\n\n\n<p>Nuestra entidad tuvo la oportunidad de exponer de manera directa las inquietudes recibidas por los representantes de los diferentes sectores de la econom\u00eda local con los que se han venido manteniendo encuentros durante los \u00faltimos meses.<\/p>\n\n\n\n<p>El Secretario de Gobierno&nbsp;<strong>Silvio Corti<\/strong>, de Desarrollo Econ\u00f3mico&nbsp;<strong>Alfredo Camilletti<\/strong>&nbsp;y de Seguridad&nbsp;<strong>Eduardo Rolleri&nbsp;<\/strong>repasaron desde la perspectiva del gobierno local, todas las acciones preventivas que se han ido desplegando en el \u00faltimo tiempo y el crecimiento de los recursos humanos y de infraestructura.&nbsp;<br>Explicaron la implementaci\u00f3n, en el corto plazo, de otros mecanismos de prevenci\u00f3n y denuncia, que estar\u00e1n disponibles a trav\u00e9s de plataformas tecnol\u00f3gicas que permitir\u00e1n a los vecinos un contacto m\u00e1s fluido y efectivo a trav\u00e9s de tel\u00e9fonos celulares.&nbsp;<\/p>\n\n\n\n<p>En este punto, se coincidi\u00f3 en la importancia de colaborar para llegar a todos los sectores de la comunidad y especialmente al sector que representamos, &nbsp;con la promoci\u00f3n e instrucci\u00f3n sobre el uso adecuado de estas herramientas, sobre las que habr\u00e1 capacitaciones y campa\u00f1as de difusi\u00f3n.<br>La otra inquietud no menos importante estuvo vinculada con el correlato judicial que tiene el accionar policial, tomando como referencia algunos episodios recientes, en los que la intervenci\u00f3n expeditiva de la fuerza, se vio debilitada por las reacciones de la Justicia.&nbsp;<\/p>\n\n\n\n<p>Compartimos la preocupaci\u00f3n por la liberaci\u00f3n inmediata y a veces recurrente de quienes se ven involucrados en hechos de este tipo y que ante estas instancias, encuentran &nbsp;condiciones muy favorables para seguir delinquiendo &nbsp;y esmerilan la motivaci\u00f3n de quienes todos los d\u00edas reciben denuncias y recorren las calles, cumpliendo con el pedido de las autoridades y los vecinos.&nbsp;La Comisi\u00f3n Directiva del Centro de Comercio e Industria agradeci\u00f3 esta visita y reiter\u00f3 su total predisposici\u00f3n para compartir respaldar desde el &nbsp;sector todo lo que beneficie a la comunidad que compartimos.&nbsp;<\/p>\n\n\n\n<p>Al mismo tiempo se expres\u00f3 la necesidad de unificar los criterios pol\u00edticos y la contundencia de las acciones para evitar que quienes esperan que estos acuerdos deriven en resultados positivos, se sientan defraudados, cuando la burocracia o alguna otra situaci\u00f3n coyuntural del calendario pol\u00edtico le quita entidad a lo que se decide acompa\u00f1ar.<\/p>\n\n\n\n<p>Para los pr\u00f3ximos d\u00edas se comprometieron nuevos encuentros, especialmente para compartir desde la entidad la divulgaci\u00f3n y promoci\u00f3n de las novedades sobre las que se trabaja desde el gobierno local, en l\u00ednea con el Ministerio de Seguridad y el Gobierno de la Provincia de Buenos Aires. <\/p>\n\n\n\n<figure class=\"wp-block-image\"><img decoding=\"async\" width=\"1024\" height=\"766\" data-attachment-id=\"55129\" data-permalink=\"https:\/\/eldiariodesanpedro.com.ar\/sitio\/funcionarios-municipales-analizaron-la-situacion-actual-y-nuevas-iniciativas-para-controlar-la-seguridad\/reunion2\/\" data-orig-file=\"https:\/\/eldiariodesanpedro.com.ar\/sitio\/wp-content\/uploads\/2019\/06\/REUNION2.jpg\" data-orig-size=\"1280,958\" data-comments-opened=\"1\" data-image-meta=\"{&quot;aperture&quot;:&quot;0&quot;,&quot;credit&quot;:&quot;&quot;,&quot;camera&quot;:&quot;&quot;,&quot;caption&quot;:&quot;&quot;,&quot;created_timestamp&quot;:&quot;0&quot;,&quot;copyright&quot;:&quot;&quot;,&quot;focal_length&quot;:&quot;0&quot;,&quot;iso&quot;:&quot;0&quot;,&quot;shutter_speed&quot;:&quot;0&quot;,&quot;title&quot;:&quot;&quot;,&quot;orientation&quot;:&quot;0&quot;}\" data-image-title=\"REUNION2\" data-image-description=\"\" data-image-caption=\"\" data-large-file=\"https:\/\/eldiariodesanpedro.com.ar\/sitio\/wp-content\/uploads\/2019\/06\/REUNION2-1024x766.jpg\" data-src=\"https:\/\/eldiariodesanpedro.com.ar\/sitio\/wp-content\/uploads\/2019\/06\/REUNION2-1024x766.jpg\" alt=\"\" class=\"wp-image-55129 lazyload\" data-srcset=\"https:\/\/eldiariodesanpedro.com.ar\/sitio\/wp-content\/uploads\/2019\/06\/REUNION2-1024x766.jpg 1024w, https:\/\/eldiariodesanpedro.com.ar\/sitio\/wp-content\/uploads\/2019\/06\/REUNION2-300x225.jpg 300w, https:\/\/eldiariodesanpedro.com.ar\/sitio\/wp-content\/uploads\/2019\/06\/REUNION2-768x575.jpg 768w, https:\/\/eldiariodesanpedro.com.ar\/sitio\/wp-content\/uploads\/2019\/06\/REUNION2.jpg 1280w\" data-sizes=\"(max-width: 1024px) 100vw, 1024px\" src=\"data:image\/svg+xml;base64,PHN2ZyB3aWR0aD0iMSIgaGVpZ2h0PSIxIiB4bWxucz0iaHR0cDovL3d3dy53My5vcmcvMjAwMC9zdmciPjwvc3ZnPg==\" style=\"--smush-placeholder-width: 1024px; --smush-placeholder-aspect-ratio: 1024\/766;\" \/><\/figure>\n\n\n\n<figure class=\"wp-block-image\"><img decoding=\"async\" width=\"1024\" height=\"766\" data-attachment-id=\"55128\" data-permalink=\"https:\/\/eldiariodesanpedro.com.ar\/sitio\/funcionarios-municipales-analizaron-la-situacion-actual-y-nuevas-iniciativas-para-controlar-la-seguridad\/reunion1\/\" data-orig-file=\"https:\/\/eldiariodesanpedro.com.ar\/sitio\/wp-content\/uploads\/2019\/06\/REUNION1.jpg\" data-orig-size=\"1280,958\" data-comments-opened=\"1\" data-image-meta=\"{&quot;aperture&quot;:&quot;0&quot;,&quot;credit&quot;:&quot;&quot;,&quot;camera&quot;:&quot;&quot;,&quot;caption&quot;:&quot;&quot;,&quot;created_timestamp&quot;:&quot;0&quot;,&quot;copyright&quot;:&quot;&quot;,&quot;focal_length&quot;:&quot;0&quot;,&quot;iso&quot;:&quot;0&quot;,&quot;shutter_speed&quot;:&quot;0&quot;,&quot;title&quot;:&quot;&quot;,&quot;orientation&quot;:&quot;0&quot;}\" data-image-title=\"REUNION1\" data-image-description=\"\" data-image-caption=\"\" data-large-file=\"https:\/\/eldiariodesanpedro.com.ar\/sitio\/wp-content\/uploads\/2019\/06\/REUNION1-1024x766.jpg\" data-src=\"https:\/\/eldiariodesanpedro.com.ar\/sitio\/wp-content\/uploads\/2019\/06\/REUNION1-1024x766.jpg\" alt=\"\" class=\"wp-image-55128 lazyload\" data-srcset=\"https:\/\/eldiariodesanpedro.com.ar\/sitio\/wp-content\/uploads\/2019\/06\/REUNION1-1024x766.jpg 1024w, https:\/\/eldiariodesanpedro.com.ar\/sitio\/wp-content\/uploads\/2019\/06\/REUNION1-300x225.jpg 300w, https:\/\/eldiariodesanpedro.com.ar\/sitio\/wp-content\/uploads\/2019\/06\/REUNION1-768x575.jpg 768w, https:\/\/eldiariodesanpedro.com.ar\/sitio\/wp-content\/uploads\/2019\/06\/REUNION1.jpg 1280w\" data-sizes=\"(max-width: 1024px) 100vw, 1024px\" src=\"data:image\/svg+xml;base64,PHN2ZyB3aWR0aD0iMSIgaGVpZ2h0PSIxIiB4bWxucz0iaHR0cDovL3d3dy53My5vcmcvMjAwMC9zdmciPjwvc3ZnPg==\" style=\"--smush-placeholder-width: 1024px; --smush-placeholder-aspect-ratio: 1024\/766;\" \/><\/figure>\n","protected":false},"excerpt":{"rendered":"<p>El lunes por la noche, invitados por la Comisi\u00f3n Directiva del Centro de Comercio e Industria, \u00a0representantes del gobierno municipal, participaron de una reuni\u00f3n con los integrantes de nuestra entidad, en la que se repasaron los temas m\u00e1s importantes y preocupantes relacionados con esta problem\u00e1tica.La persistencia de hechos delictivos graves y los matices con los [&hellip;]<\/p>\n","protected":false},"author":4,"featured_media":55130,"comment_status":"open","ping_status":"closed","sticky":false,"template":"","format":"standard","meta":{"om_disable_all_campaigns":false,"_jetpack_memberships_contains_paid_content":false,"footnotes":""},"categories":[101,2],"tags":[],"class_list":["post-55127","post","type-post","status-publish","format-standard","has-post-thumbnail","hentry","category-interes-general-locales","category-locales"],"aioseo_notices":[],"gutentor_comment":0,"jetpack_featured_media_url":"https:\/\/eldiariodesanpedro.com.ar\/sitio\/wp-content\/uploads\/2019\/06\/REUNION3.jpg","jetpack_shortlink":"https:\/\/wp.me\/p6RhLt-el9","jetpack_sharing_enabled":true,"_links":{"self":[{"href":"https:\/\/eldiariodesanpedro.com.ar\/sitio\/wp-json\/wp\/v2\/posts\/55127","targetHints":{"allow":["GET"]}}],"collection":[{"href":"https:\/\/eldiariodesanpedro.com.ar\/sitio\/wp-json\/wp\/v2\/posts"}],"about":[{"href":"https:\/\/eldiariodesanpedro.com.ar\/sitio\/wp-json\/wp\/v2\/types\/post"}],"author":[{"embeddable":true,"href":"https:\/\/eldiariodesanpedro.com.ar\/sitio\/wp-json\/wp\/v2\/users\/4"}],"replies":[{"embeddable":true,"href":"https:\/\/eldiariodesanpedro.com.ar\/sitio\/wp-json\/wp\/v2\/comments?post=55127"}],"version-history":[{"count":1,"href":"https:\/\/eldiariodesanpedro.com.ar\/sitio\/wp-json\/wp\/v2\/posts\/55127\/revisions"}],"predecessor-version":[{"id":55131,"href":"https:\/\/eldiariodesanpedro.com.ar\/sitio\/wp-json\/wp\/v2\/posts\/55127\/revisions\/55131"}],"wp:featuredmedia":[{"embeddable":true,"href":"https:\/\/eldiariodesanpedro.com.ar\/sitio\/wp-json\/wp\/v2\/media\/55130"}],"wp:attachment":[{"href":"https:\/\/eldiariodesanpedro.com.ar\/sitio\/wp-json\/wp\/v2\/media?parent=55127"}],"wp:term":[{"taxonomy":"category","embeddable":true,"href":"https:\/\/eldiariodesanpedro.com.ar\/sitio\/wp-json\/wp\/v2\/categories?post=55127"},{"taxonomy":"post_tag","embeddable":true,"href":"https:\/\/eldiariodesanpedro.com.ar\/sitio\/wp-json\/wp\/v2\/tags?post=55127"}],"curies":[{"name":"wp","href":"https:\/\/api.w.org\/{rel}","templated":true}]}}