{"id":55124,"date":"2019-06-25T18:33:04","date_gmt":"2019-06-25T21:33:04","guid":{"rendered":"https:\/\/eldiariodesanpedro.com.ar\/sitio\/?p=55124"},"modified":"2019-06-25T18:33:09","modified_gmt":"2019-06-25T21:33:09","slug":"principio-de-incendio-en-una-vivienda-2","status":"publish","type":"post","link":"https:\/\/eldiariodesanpedro.com.ar\/sitio\/principio-de-incendio-en-una-vivienda-2\/","title":{"rendered":"Principio de incendio en una vivienda"},"content":{"rendered":"<!-- VideographyWP Plugin Message: Automatic video embedding prevented by plugin options. -->\n\n<p>El siniestro ocurri\u00f3 pasadas las 13 horas de este martes en un domicilio ubicado sobre calle Hipolito Irigoyen al 1200. Una se\u00f1ora mayor de edad fue trasladada por el SAME con quemaduras en un brazo y una pierna.<\/p>\n\n\n\n<p>Una dotaci\u00f3n de bomberos acude r\u00e1pidamente a la morada ubicada en dicha direcci\u00f3n, all\u00ed el incendio fue propagado por los mismos al llegar al lugar con baldes de agua, el fuego estaba en algunas vestimentas y una silla de madera.<\/p>\n\n\n\n<p>El oficial H\u00e9ctor Keudell\u00a0a cargo de la dotaci\u00f3n expres\u00f3 a los medios presentes, \u00bb el incendio era peque\u00f1o, r\u00e1pidamente lo extinguimos pero lamentablemente result\u00f3 con quemaduras en miembros superior e inferior, una persona mayor de edad que fue asistida por los m\u00e9dicos r\u00e1pidamente\u201d. <\/p>\n\n\n\n<figure class=\"wp-block-image\"><img decoding=\"async\" width=\"1024\" height=\"498\" data-attachment-id=\"55122\" data-permalink=\"https:\/\/eldiariodesanpedro.com.ar\/sitio\/20190625_140824-2\/\" data-orig-file=\"https:\/\/eldiariodesanpedro.com.ar\/sitio\/wp-content\/uploads\/2019\/06\/20190625_140824-1.jpg\" data-orig-size=\"4032,1960\" data-comments-opened=\"1\" data-image-meta=\"{&quot;aperture&quot;:&quot;1.7&quot;,&quot;credit&quot;:&quot;&quot;,&quot;camera&quot;:&quot;SM-N950F&quot;,&quot;caption&quot;:&quot;&quot;,&quot;created_timestamp&quot;:&quot;1561471704&quot;,&quot;copyright&quot;:&quot;&quot;,&quot;focal_length&quot;:&quot;4.3&quot;,&quot;iso&quot;:&quot;40&quot;,&quot;shutter_speed&quot;:&quot;0.001010101010101&quot;,&quot;title&quot;:&quot;&quot;,&quot;orientation&quot;:&quot;1&quot;}\" data-image-title=\"20190625_140824\" data-image-description=\"\" data-image-caption=\"\" data-large-file=\"https:\/\/eldiariodesanpedro.com.ar\/sitio\/wp-content\/uploads\/2019\/06\/20190625_140824-1-1024x498.jpg\" data-src=\"https:\/\/eldiariodesanpedro.com.ar\/sitio\/wp-content\/uploads\/2019\/06\/20190625_140824-1-1024x498.jpg\" alt=\"\" class=\"wp-image-55122 lazyload\" data-srcset=\"https:\/\/eldiariodesanpedro.com.ar\/sitio\/wp-content\/uploads\/2019\/06\/20190625_140824-1-1024x498.jpg 1024w, https:\/\/eldiariodesanpedro.com.ar\/sitio\/wp-content\/uploads\/2019\/06\/20190625_140824-1-300x146.jpg 300w, https:\/\/eldiariodesanpedro.com.ar\/sitio\/wp-content\/uploads\/2019\/06\/20190625_140824-1-768x373.jpg 768w\" data-sizes=\"(max-width: 1024px) 100vw, 1024px\" src=\"data:image\/svg+xml;base64,PHN2ZyB3aWR0aD0iMSIgaGVpZ2h0PSIxIiB4bWxucz0iaHR0cDovL3d3dy53My5vcmcvMjAwMC9zdmciPjwvc3ZnPg==\" style=\"--smush-placeholder-width: 1024px; --smush-placeholder-aspect-ratio: 1024\/498;\" \/><\/figure>\n","protected":false},"excerpt":{"rendered":"<p>El siniestro ocurri\u00f3 pasadas las 13 horas de este martes en un domicilio ubicado sobre calle Hipolito Irigoyen al 1200. Una se\u00f1ora mayor de edad fue trasladada por el SAME con quemaduras en un brazo y una pierna. Una dotaci\u00f3n de bomberos acude r\u00e1pidamente a la morada ubicada en dicha direcci\u00f3n, all\u00ed el incendio fue [&hellip;]<\/p>\n","protected":false},"author":4,"featured_media":55120,"comment_status":"open","ping_status":"closed","sticky":false,"template":"","format":"standard","meta":{"om_disable_all_campaigns":false,"_jetpack_memberships_contains_paid_content":false,"footnotes":""},"categories":[2,103],"tags":[],"class_list":["post-55124","post","type-post","status-publish","format-standard","has-post-thumbnail","hentry","category-locales","category-policiales-locales"],"aioseo_notices":[],"gutentor_comment":0,"jetpack_featured_media_url":"https:\/\/eldiariodesanpedro.com.ar\/sitio\/wp-content\/uploads\/2019\/06\/20190625_140843.jpg","jetpack_shortlink":"https:\/\/wp.me\/p6RhLt-el6","jetpack_sharing_enabled":true,"_links":{"self":[{"href":"https:\/\/eldiariodesanpedro.com.ar\/sitio\/wp-json\/wp\/v2\/posts\/55124","targetHints":{"allow":["GET"]}}],"collection":[{"href":"https:\/\/eldiariodesanpedro.com.ar\/sitio\/wp-json\/wp\/v2\/posts"}],"about":[{"href":"https:\/\/eldiariodesanpedro.com.ar\/sitio\/wp-json\/wp\/v2\/types\/post"}],"author":[{"embeddable":true,"href":"https:\/\/eldiariodesanpedro.com.ar\/sitio\/wp-json\/wp\/v2\/users\/4"}],"replies":[{"embeddable":true,"href":"https:\/\/eldiariodesanpedro.com.ar\/sitio\/wp-json\/wp\/v2\/comments?post=55124"}],"version-history":[{"count":1,"href":"https:\/\/eldiariodesanpedro.com.ar\/sitio\/wp-json\/wp\/v2\/posts\/55124\/revisions"}],"predecessor-version":[{"id":55125,"href":"https:\/\/eldiariodesanpedro.com.ar\/sitio\/wp-json\/wp\/v2\/posts\/55124\/revisions\/55125"}],"wp:featuredmedia":[{"embeddable":true,"href":"https:\/\/eldiariodesanpedro.com.ar\/sitio\/wp-json\/wp\/v2\/media\/55120"}],"wp:attachment":[{"href":"https:\/\/eldiariodesanpedro.com.ar\/sitio\/wp-json\/wp\/v2\/media?parent=55124"}],"wp:term":[{"taxonomy":"category","embeddable":true,"href":"https:\/\/eldiariodesanpedro.com.ar\/sitio\/wp-json\/wp\/v2\/categories?post=55124"},{"taxonomy":"post_tag","embeddable":true,"href":"https:\/\/eldiariodesanpedro.com.ar\/sitio\/wp-json\/wp\/v2\/tags?post=55124"}],"curies":[{"name":"wp","href":"https:\/\/api.w.org\/{rel}","templated":true}]}}