{"id":55117,"date":"2019-06-25T17:51:34","date_gmt":"2019-06-25T20:51:34","guid":{"rendered":"https:\/\/eldiariodesanpedro.com.ar\/sitio\/?p=55117"},"modified":"2019-06-25T17:51:38","modified_gmt":"2019-06-25T20:51:38","slug":"arrecifes-otro-corte-de-luz-afecto-a-toda-la-ciudad","status":"publish","type":"post","link":"https:\/\/eldiariodesanpedro.com.ar\/sitio\/arrecifes-otro-corte-de-luz-afecto-a-toda-la-ciudad\/","title":{"rendered":"ARRECIFES: Otro corte de luz afect\u00f3 a toda la ciudad"},"content":{"rendered":"<!-- VideographyWP Plugin Message: Automatic video embedding prevented by plugin options. -->\n\n<p>\n\nUn corte de energ\u00eda el\u00e9ctrica dej\u00f3 imprevistamente sin luz a todo Arrecifes en la ma\u00f1ana de este martes, durante casi una hora y media.\n\n<\/p>\n\n\n\n<p>En ese lapso, la corriente volvi\u00f3 apenas dos minutos y se cort\u00f3 nuevamente, poniendo en riesgo la integridad de artefactos el\u00e9ctricos.<\/p>\n\n\n\n<p>Esta interrupci\u00f3n en el servicio afect\u00f3 tambi\u00e9n a la vecina ciudad de Salto.<\/p>\n\n\n\n<p>La empresa EDEN deslind\u00f3 responsabilidades mediante un escueto comunicado en el que inform\u00f3 sobre restablecimiento del servicio:<\/p>\n\n\n\n<p>\u00abEDEN informa que a las 11.16 horas fue restablecido el servicio, que se vio afectado por una falla ajena a esta Distribuidora en la red de alta tensi\u00f3n\u00bb.<\/p>\n\n\n\n<p>Aparentemente, el corte se habr\u00eda generado por una falla en un transformador de TRANSBA, la concesionaria del servicio de Transporte de Energ\u00eda El\u00e9ctrica&nbsp;por distribuci\u00f3n troncal en&nbsp;la provincia de Buenos Aires, aunque esta empresa tampoco se hizo cargo.<\/p>\n\n\n\n<p>Este lunes, otra falla de TRANSBA dej\u00f3 sin luz a varias ciudades del sur de la provincia de Buenos Aires.<\/p>\n","protected":false},"excerpt":{"rendered":"<p>Un corte de energ\u00eda el\u00e9ctrica dej\u00f3 imprevistamente sin luz a todo Arrecifes en la ma\u00f1ana de este martes, durante casi una hora y media. En ese lapso, la corriente volvi\u00f3 apenas dos minutos y se cort\u00f3 nuevamente, poniendo en riesgo la integridad de artefactos el\u00e9ctricos. Esta interrupci\u00f3n en el servicio afect\u00f3 tambi\u00e9n a la vecina [&hellip;]<\/p>\n","protected":false},"author":4,"featured_media":55118,"comment_status":"open","ping_status":"closed","sticky":false,"template":"","format":"standard","meta":{"om_disable_all_campaigns":false,"_jetpack_memberships_contains_paid_content":false,"footnotes":""},"categories":[621],"tags":[],"class_list":["post-55117","post","type-post","status-publish","format-standard","has-post-thumbnail","hentry","category-regionales"],"aioseo_notices":[],"gutentor_comment":0,"jetpack_featured_media_url":"https:\/\/eldiariodesanpedro.com.ar\/sitio\/wp-content\/uploads\/2019\/06\/Corte-de-luz.jpg","jetpack_shortlink":"https:\/\/wp.me\/p6RhLt-ekZ","jetpack_sharing_enabled":true,"_links":{"self":[{"href":"https:\/\/eldiariodesanpedro.com.ar\/sitio\/wp-json\/wp\/v2\/posts\/55117","targetHints":{"allow":["GET"]}}],"collection":[{"href":"https:\/\/eldiariodesanpedro.com.ar\/sitio\/wp-json\/wp\/v2\/posts"}],"about":[{"href":"https:\/\/eldiariodesanpedro.com.ar\/sitio\/wp-json\/wp\/v2\/types\/post"}],"author":[{"embeddable":true,"href":"https:\/\/eldiariodesanpedro.com.ar\/sitio\/wp-json\/wp\/v2\/users\/4"}],"replies":[{"embeddable":true,"href":"https:\/\/eldiariodesanpedro.com.ar\/sitio\/wp-json\/wp\/v2\/comments?post=55117"}],"version-history":[{"count":1,"href":"https:\/\/eldiariodesanpedro.com.ar\/sitio\/wp-json\/wp\/v2\/posts\/55117\/revisions"}],"predecessor-version":[{"id":55119,"href":"https:\/\/eldiariodesanpedro.com.ar\/sitio\/wp-json\/wp\/v2\/posts\/55117\/revisions\/55119"}],"wp:featuredmedia":[{"embeddable":true,"href":"https:\/\/eldiariodesanpedro.com.ar\/sitio\/wp-json\/wp\/v2\/media\/55118"}],"wp:attachment":[{"href":"https:\/\/eldiariodesanpedro.com.ar\/sitio\/wp-json\/wp\/v2\/media?parent=55117"}],"wp:term":[{"taxonomy":"category","embeddable":true,"href":"https:\/\/eldiariodesanpedro.com.ar\/sitio\/wp-json\/wp\/v2\/categories?post=55117"},{"taxonomy":"post_tag","embeddable":true,"href":"https:\/\/eldiariodesanpedro.com.ar\/sitio\/wp-json\/wp\/v2\/tags?post=55117"}],"curies":[{"name":"wp","href":"https:\/\/api.w.org\/{rel}","templated":true}]}}