{"id":55113,"date":"2019-06-25T17:31:40","date_gmt":"2019-06-25T20:31:40","guid":{"rendered":"https:\/\/eldiariodesanpedro.com.ar\/sitio\/?p=55113"},"modified":"2019-06-25T17:31:44","modified_gmt":"2019-06-25T20:31:44","slug":"se-suman-dos-precandidatos-mas-a-la-interna-del-frente-de-todos","status":"publish","type":"post","link":"https:\/\/eldiariodesanpedro.com.ar\/sitio\/se-suman-dos-precandidatos-mas-a-la-interna-del-frente-de-todos\/","title":{"rendered":"Se suman dos precandidatos  m\u00e1s a la interna del Frente de Todos"},"content":{"rendered":"<!-- VideographyWP Plugin Message: Automatic video embedding prevented by plugin options. -->\n\n<p>Ambas representan a Santiago Cuneo representando al Partido Republicano Federal e intervendr\u00e1n en las Paso del Justicialismo. Uno de los precandidatos es Manuel Amado, el otro es Silvestre Llarin. <\/p>\n\n\n\n<p>Sobre el cierre de la presentaci\u00f3n de listas el Frente de Todos de San Pedro tendr\u00e1 unas Paso por dem\u00e1s de intensas ya que se sumaron dos listas m\u00e1s a las cuatro que originalmente se hab\u00edan inscriptos. Dejando un total de 8 pre candidatos a  Intendentes en nuestra ciudad.<\/p>\n\n\n\n<p>Los dos sectores responden a la candidatura de Santiago Cuneo en la provincia de Buenos Aires; uno lleva como precandidato a Intendente a Manuel Amado, quien est\u00e1 acompa\u00f1ado por Omar Gabriel Molina; mientras que la otra lista tiene como precandidato a Silvestre Llarin y primero en la lista de concejales al dirigente santalucense Enio Llovera.<\/p>\n\n\n\n<p>Lista completa de Manuel Amado<br>CANDIDATO A INTENDENTE\u00a0<br>Jos\u00e9 Mar\u00eda Manuel Amado\u00a0<\/p>\n\n\n\n<p>CANDIDATOS A CONCEJALES TITULARES&nbsp;<br>1 &#8211; Omar Gabriel Molina<br>2 &#8211; Patricia Lorena Sepich&nbsp;<br>3 &#8211; N\u00e9stor Daniel Cardozo&nbsp;<br>4 &#8211; Flavia Yael Rojas&nbsp;<br>5 &#8211; Horacio Daniel Sosa&nbsp;<br>6 &#8211; Eliana M\u00f3nica Montoya&nbsp;<br>7 &#8211; Luis Javier Molina&nbsp;<br>8 &#8211; Alicia Beatriz Molina&nbsp;<br>9 &#8211; Francisco Tejerina&nbsp;<\/p>\n\n\n\n<p>CANDIDATOS A CONCEJALES SUPLENTES&nbsp;<br>1 &#8211; Noelia Anabela Viera&nbsp;<br>2 &#8211; H\u00e9ctor Marcelo Bustos&nbsp;<br>3 &#8211; Natalia Soledad Flores&nbsp;<br>4 &#8211; Mart\u00edn Leonel Magliotti Mende&nbsp;<br>5 &#8211; Lorena Soledad Gallegos&nbsp;<br>6 &#8211; Carlos Marcelo Noblia&nbsp;<\/p>\n\n\n\n<p>CANDIDATOS A CONSEJEROS ESCOLARES&nbsp;<br>1 &#8211; Romina Isabel Mart\u00ednez&nbsp;<br>2 &#8211; Nicol\u00e1s Manuel Torrado&nbsp;<br>3 &#8211; Luciana Jimena Mioniz&nbsp;<\/p>\n\n\n\n<p>CANDIDATOS A CONSEJEROS SUPLENTES\u00a0<br>1 &#8211; Roberto Ezequiel Garc\u00eda\u00a0<br>2 &#8211; Daiana Ivonne Candal<br>3 &#8211; Ezequiel David S\u00e1nchez\u00a0 <\/p>\n\n\n\n<p>La lista de Silvestre Llarin  desde ese espacio eligieron esperar por las definiciones de la Junta Electoral antes de dar a conocer mayores detalles o declaraciones p\u00fablicas.\u00a0 <\/p>\n\n\n\n<p>Si bien resta la oficializaci\u00f3n correspondiente el sector tendr\u00eda seis listas para las internas de agosto con los siguientes precandidatos: Marcos Arana, Ester Noat, Luciano Juhant , Edurado Esterlich, y ahora Manuel Amado y Silvestre Llarin.<\/p>\n\n\n\n<p>FOTOS GENTILEZ: Noticias San Pedro<\/p>\n","protected":false},"excerpt":{"rendered":"<p>Ambas representan a Santiago Cuneo representando al Partido Republicano Federal e intervendr\u00e1n en las Paso del Justicialismo. Uno de los precandidatos es Manuel Amado, el otro es Silvestre Llarin. Sobre el cierre de la presentaci\u00f3n de listas el Frente de Todos de San Pedro tendr\u00e1 unas Paso por dem\u00e1s de intensas ya que se sumaron [&hellip;]<\/p>\n","protected":false},"author":4,"featured_media":55115,"comment_status":"open","ping_status":"closed","sticky":false,"template":"","format":"standard","meta":{"om_disable_all_campaigns":false,"_jetpack_memberships_contains_paid_content":false,"footnotes":""},"categories":[2,102],"tags":[],"class_list":["post-55113","post","type-post","status-publish","format-standard","has-post-thumbnail","hentry","category-locales","category-politica-locales"],"aioseo_notices":[],"gutentor_comment":0,"jetpack_featured_media_url":"https:\/\/eldiariodesanpedro.com.ar\/sitio\/wp-content\/uploads\/2019\/06\/Manuel-Amado-con-C\u00faneo.jpg","jetpack_shortlink":"https:\/\/wp.me\/p6RhLt-ekV","jetpack_sharing_enabled":true,"_links":{"self":[{"href":"https:\/\/eldiariodesanpedro.com.ar\/sitio\/wp-json\/wp\/v2\/posts\/55113","targetHints":{"allow":["GET"]}}],"collection":[{"href":"https:\/\/eldiariodesanpedro.com.ar\/sitio\/wp-json\/wp\/v2\/posts"}],"about":[{"href":"https:\/\/eldiariodesanpedro.com.ar\/sitio\/wp-json\/wp\/v2\/types\/post"}],"author":[{"embeddable":true,"href":"https:\/\/eldiariodesanpedro.com.ar\/sitio\/wp-json\/wp\/v2\/users\/4"}],"replies":[{"embeddable":true,"href":"https:\/\/eldiariodesanpedro.com.ar\/sitio\/wp-json\/wp\/v2\/comments?post=55113"}],"version-history":[{"count":1,"href":"https:\/\/eldiariodesanpedro.com.ar\/sitio\/wp-json\/wp\/v2\/posts\/55113\/revisions"}],"predecessor-version":[{"id":55116,"href":"https:\/\/eldiariodesanpedro.com.ar\/sitio\/wp-json\/wp\/v2\/posts\/55113\/revisions\/55116"}],"wp:featuredmedia":[{"embeddable":true,"href":"https:\/\/eldiariodesanpedro.com.ar\/sitio\/wp-json\/wp\/v2\/media\/55115"}],"wp:attachment":[{"href":"https:\/\/eldiariodesanpedro.com.ar\/sitio\/wp-json\/wp\/v2\/media?parent=55113"}],"wp:term":[{"taxonomy":"category","embeddable":true,"href":"https:\/\/eldiariodesanpedro.com.ar\/sitio\/wp-json\/wp\/v2\/categories?post=55113"},{"taxonomy":"post_tag","embeddable":true,"href":"https:\/\/eldiariodesanpedro.com.ar\/sitio\/wp-json\/wp\/v2\/tags?post=55113"}],"curies":[{"name":"wp","href":"https:\/\/api.w.org\/{rel}","templated":true}]}}