{"id":55103,"date":"2019-06-25T17:03:08","date_gmt":"2019-06-25T20:03:08","guid":{"rendered":"https:\/\/eldiariodesanpedro.com.ar\/sitio\/?p=55103"},"modified":"2019-06-25T17:03:12","modified_gmt":"2019-06-25T20:03:12","slug":"san-nicolas-prefectura-decomiso-10-kg-de-pescado","status":"publish","type":"post","link":"https:\/\/eldiariodesanpedro.com.ar\/sitio\/san-nicolas-prefectura-decomiso-10-kg-de-pescado\/","title":{"rendered":"SAN NICOL\u00c1S: Prefectura decomis\u00f3 10 kg. de pescado"},"content":{"rendered":"<!-- VideographyWP Plugin Message: Automatic video embedding prevented by plugin options. -->\n\n<p>En un patrullaje de rutina en la zona del Arroyo Ramallo, personal de Prefectura San Nicol\u00e1s identific\u00f3 una embarcaci\u00f3n que trasladaba especies que fueron declaradas \u00abno aptas para el consumo\u00bb.<\/p>\n\n\n\n<p>Este lunes, a la altura del kil\u00f3metro 347 del R\u00edo Paran\u00e1, personal de Prefectura San Nicol\u00e1s realiz\u00f3 patrullajes de rutina con medios fluviales y terrestres. En la recorrida intercept\u00f3 a una embarcaci\u00f3n menor de nombre \u00abMart\u00edn\u00bb, la cual en su interior pose\u00eda gran cantidad de pescado, de diversas especies, con un peso aproximado de 700 kilos.<\/p>\n\n\n\n<p>Dada esta circunstacia intervino el Departamento de Bromatolog\u00eda del municipio local, el cual dictamin\u00f3 que las especies se encontraban \u201cno aptas para el consumo humano\u201d, llevando el dep\u00f3sito de los mismos al E.N.T.R.E.<br>Asimismo tom\u00f3 conocimiento la Direcci\u00f3n Provincial de Pesca de la Provincia de Buenos Aires. Tanto como al responsable de la maniobra se le labraron las actuaciones correspondientes. La embarcaci\u00f3n \u00abMart\u00edn\u00bb ya cay\u00f3 en las mismas infracciones similares anteriormente.<\/p>\n\n\n\n<p>Fuente: Diario EL Norte<\/p>\n","protected":false},"excerpt":{"rendered":"<p>En un patrullaje de rutina en la zona del Arroyo Ramallo, personal de Prefectura San Nicol\u00e1s identific\u00f3 una embarcaci\u00f3n que trasladaba especies que fueron declaradas \u00abno aptas para el consumo\u00bb. Este lunes, a la altura del kil\u00f3metro 347 del R\u00edo Paran\u00e1, personal de Prefectura San Nicol\u00e1s realiz\u00f3 patrullajes de rutina con medios fluviales y terrestres. [&hellip;]<\/p>\n","protected":false},"author":4,"featured_media":55106,"comment_status":"open","ping_status":"closed","sticky":false,"template":"","format":"standard","meta":{"om_disable_all_campaigns":false,"_jetpack_memberships_contains_paid_content":false,"footnotes":""},"categories":[621],"tags":[],"class_list":["post-55103","post","type-post","status-publish","format-standard","has-post-thumbnail","hentry","category-regionales"],"aioseo_notices":[],"gutentor_comment":0,"jetpack_featured_media_url":"https:\/\/eldiariodesanpedro.com.ar\/sitio\/wp-content\/uploads\/2019\/06\/nop1c9klf6qo1i4e1efv7co10ov1nig1.jpg","jetpack_shortlink":"https:\/\/wp.me\/p6RhLt-ekL","jetpack_sharing_enabled":true,"_links":{"self":[{"href":"https:\/\/eldiariodesanpedro.com.ar\/sitio\/wp-json\/wp\/v2\/posts\/55103","targetHints":{"allow":["GET"]}}],"collection":[{"href":"https:\/\/eldiariodesanpedro.com.ar\/sitio\/wp-json\/wp\/v2\/posts"}],"about":[{"href":"https:\/\/eldiariodesanpedro.com.ar\/sitio\/wp-json\/wp\/v2\/types\/post"}],"author":[{"embeddable":true,"href":"https:\/\/eldiariodesanpedro.com.ar\/sitio\/wp-json\/wp\/v2\/users\/4"}],"replies":[{"embeddable":true,"href":"https:\/\/eldiariodesanpedro.com.ar\/sitio\/wp-json\/wp\/v2\/comments?post=55103"}],"version-history":[{"count":1,"href":"https:\/\/eldiariodesanpedro.com.ar\/sitio\/wp-json\/wp\/v2\/posts\/55103\/revisions"}],"predecessor-version":[{"id":55107,"href":"https:\/\/eldiariodesanpedro.com.ar\/sitio\/wp-json\/wp\/v2\/posts\/55103\/revisions\/55107"}],"wp:featuredmedia":[{"embeddable":true,"href":"https:\/\/eldiariodesanpedro.com.ar\/sitio\/wp-json\/wp\/v2\/media\/55106"}],"wp:attachment":[{"href":"https:\/\/eldiariodesanpedro.com.ar\/sitio\/wp-json\/wp\/v2\/media?parent=55103"}],"wp:term":[{"taxonomy":"category","embeddable":true,"href":"https:\/\/eldiariodesanpedro.com.ar\/sitio\/wp-json\/wp\/v2\/categories?post=55103"},{"taxonomy":"post_tag","embeddable":true,"href":"https:\/\/eldiariodesanpedro.com.ar\/sitio\/wp-json\/wp\/v2\/tags?post=55103"}],"curies":[{"name":"wp","href":"https:\/\/api.w.org\/{rel}","templated":true}]}}