{"id":55094,"date":"2019-06-25T17:00:49","date_gmt":"2019-06-25T20:00:49","guid":{"rendered":"https:\/\/eldiariodesanpedro.com.ar\/sitio\/?p=55094"},"modified":"2019-06-25T17:00:53","modified_gmt":"2019-06-25T20:00:53","slug":"san-andres-de-giles-liberaron-a-los-jovenes-implicados-en-el-caso-de-abuso","status":"publish","type":"post","link":"https:\/\/eldiariodesanpedro.com.ar\/sitio\/san-andres-de-giles-liberaron-a-los-jovenes-implicados-en-el-caso-de-abuso\/","title":{"rendered":"SAN ANDR\u00c9S DE GILES: Liberaron a los j\u00f3venes implicados en el caso de abuso"},"content":{"rendered":"<!-- VideographyWP Plugin Message: Automatic video embedding prevented by plugin options. -->\n\n<p>\n\nEste mediod\u00eda los tres j\u00f3venes que estaban detenidos por un presunto abuso a una menor de 16 a\u00f1os abandonaron la Comisar\u00eda local. La Sala II les otorg\u00f3 la excarcelaci\u00f3n extraordinaria luego del estudio realizado por el juez de garant\u00edas N\u00b01.<\/p>\n\n\n\n<p>El caso tom\u00f3 estado p\u00fablico el pasado 25 de mayo cu\u00e1ndo una joven vecina realiz\u00f3 la denuncia sobre un suceso que habr\u00eda ocurrido esa misma madrugada. La polic\u00eda local, tras el testimonio de la menor, detuvo a cuatro j\u00f3venes que viv\u00edan en la misma manzana del barrio \u201cLa Flor\u201d. Tres de ellos mayores de edad.<\/p>\n\n\n\n<p>Luego de la&nbsp;declaraci\u00f3n en c\u00e1mara gesell&nbsp;de la presunta v\u00edctima el 31\/5, la jueza de garant\u00edas que est\u00e1 a cargo de la causa por los menores, dispuso el alojamiento del menor en su hogar. Los otros tres detenidos tuvieron que esperar casi un mes m\u00e1s hasta que lleg\u00f3 la orden del juez.<\/p>\n\n\n\n<p>Este mediod\u00eda, los tres vecinos recuperaron su libertad teniendo en cuenta que la justicia determin\u00f3 no existir peligro de fuga de los imputados. El proceso de investigaci\u00f3n continuar\u00e1 para determinar la responsabilidad que tuvieron los actores.<\/p>\n\n\n\n<p>Familiares de los j\u00f3venes se presentaron en la Comisar\u00eda con carteles de apoyo. Muchos de estos manifestaron que los implicados son \u201cinocentes\u201d, alegando que en el caso existi\u00f3 \u201cfalso testimonio\u201d.<\/p>\n\n\n\n<p>Fuente:  Info ciudad  <\/p>\n","protected":false},"excerpt":{"rendered":"<p>Este mediod\u00eda los tres j\u00f3venes que estaban detenidos por un presunto abuso a una menor de 16 a\u00f1os abandonaron la Comisar\u00eda local. La Sala II les otorg\u00f3 la excarcelaci\u00f3n extraordinaria luego del estudio realizado por el juez de garant\u00edas N\u00b01. El caso tom\u00f3 estado p\u00fablico el pasado 25 de mayo cu\u00e1ndo una joven vecina realiz\u00f3 [&hellip;]<\/p>\n","protected":false},"author":4,"featured_media":55101,"comment_status":"open","ping_status":"closed","sticky":false,"template":"","format":"standard","meta":{"om_disable_all_campaigns":false,"_jetpack_memberships_contains_paid_content":false,"footnotes":""},"categories":[621],"tags":[],"class_list":["post-55094","post","type-post","status-publish","format-standard","has-post-thumbnail","hentry","category-regionales"],"aioseo_notices":[],"gutentor_comment":0,"jetpack_featured_media_url":"https:\/\/eldiariodesanpedro.com.ar\/sitio\/wp-content\/uploads\/2019\/06\/policia-696x522_1.jpg","jetpack_shortlink":"https:\/\/wp.me\/p6RhLt-ekC","jetpack_sharing_enabled":true,"_links":{"self":[{"href":"https:\/\/eldiariodesanpedro.com.ar\/sitio\/wp-json\/wp\/v2\/posts\/55094","targetHints":{"allow":["GET"]}}],"collection":[{"href":"https:\/\/eldiariodesanpedro.com.ar\/sitio\/wp-json\/wp\/v2\/posts"}],"about":[{"href":"https:\/\/eldiariodesanpedro.com.ar\/sitio\/wp-json\/wp\/v2\/types\/post"}],"author":[{"embeddable":true,"href":"https:\/\/eldiariodesanpedro.com.ar\/sitio\/wp-json\/wp\/v2\/users\/4"}],"replies":[{"embeddable":true,"href":"https:\/\/eldiariodesanpedro.com.ar\/sitio\/wp-json\/wp\/v2\/comments?post=55094"}],"version-history":[{"count":1,"href":"https:\/\/eldiariodesanpedro.com.ar\/sitio\/wp-json\/wp\/v2\/posts\/55094\/revisions"}],"predecessor-version":[{"id":55102,"href":"https:\/\/eldiariodesanpedro.com.ar\/sitio\/wp-json\/wp\/v2\/posts\/55094\/revisions\/55102"}],"wp:featuredmedia":[{"embeddable":true,"href":"https:\/\/eldiariodesanpedro.com.ar\/sitio\/wp-json\/wp\/v2\/media\/55101"}],"wp:attachment":[{"href":"https:\/\/eldiariodesanpedro.com.ar\/sitio\/wp-json\/wp\/v2\/media?parent=55094"}],"wp:term":[{"taxonomy":"category","embeddable":true,"href":"https:\/\/eldiariodesanpedro.com.ar\/sitio\/wp-json\/wp\/v2\/categories?post=55094"},{"taxonomy":"post_tag","embeddable":true,"href":"https:\/\/eldiariodesanpedro.com.ar\/sitio\/wp-json\/wp\/v2\/tags?post=55094"}],"curies":[{"name":"wp","href":"https:\/\/api.w.org\/{rel}","templated":true}]}}