{"id":55091,"date":"2019-06-25T16:58:44","date_gmt":"2019-06-25T19:58:44","guid":{"rendered":"https:\/\/eldiariodesanpedro.com.ar\/sitio\/?p=55091"},"modified":"2019-06-25T16:58:48","modified_gmt":"2019-06-25T19:58:48","slug":"campana-cazadores-furtivos-mataron-a-un-ciervo-de-los-pantanos-y-fueron-detenidos","status":"publish","type":"post","link":"https:\/\/eldiariodesanpedro.com.ar\/sitio\/campana-cazadores-furtivos-mataron-a-un-ciervo-de-los-pantanos-y-fueron-detenidos\/","title":{"rendered":"CAMPANA: Cazadores furtivos mataron a un Ciervo de los Pantanos y fueron detenidos"},"content":{"rendered":"<!-- VideographyWP Plugin Message: Automatic video embedding prevented by plugin options. -->\n\n<p>Fuerzas nacionales realizaron un operativo por caza furtiva en el Parque Nacional (ex Reserva Natural) de Otamendi. Adem\u00e1s se hallaron varios ejemplares de aves, mulitas y carpinchos. La especie fue declarada Monumento Provincial en Buenos Aires y con un estado de conservaci\u00f3n cr\u00edtico en la zona. <\/p>\n\n\n\n<p>En el marco de la intensificaci\u00f3n de controles de caza en toda la zona del Delta, guardaparques del Parque Nacional Ciervo de los Pantanos llevaron adelante un patrullaje de rutina dentro del \u00e1rea protegida en el que se constat\u00f3 la presencia de dos cazadores furtivos con armas y diversos ejemplares de animales muertos, entre los que se encontraba un ciervo de los pantanos, especie declarada Monumento Provincial en Buenos Aires y con un estado de conservaci\u00f3n cr\u00edtico en la zona.<\/p>\n\n\n\n<p>Los cazadores fueron detenidos mediante la intervenci\u00f3n de Gendarmer\u00eda Nacional y Prefectura Naval Argentina. Al inspeccionar el veh\u00edculo, interceptado en el Camino Islas Malvinas, en jurisdicci\u00f3n del Parque, se encontraron adem\u00e1s varios ejemplares de aves, mulitas y carpinchos. Se realiz\u00f3 el traslado al destacamento de Gendarmer\u00eda, donde se incautaron las armas y el veh\u00edculo.<\/p>\n\n\n\n<p>De esta manera, se implement\u00f3 el protocolo del Comit\u00e9 del Ciervo de los Pantanos y se actu\u00f3 seg\u00fan la Ley Nacional 22.421 de Conservaci\u00f3n de la Fauna. Desde el Parque Nacional se dio intervenci\u00f3n al Juzgado Federal de Campana, que tom\u00f3 el seguimiento del caso. <\/p>\n\n\n\n<p>Fuente: Campana Noticias<\/p>\n","protected":false},"excerpt":{"rendered":"<p>Fuerzas nacionales realizaron un operativo por caza furtiva en el Parque Nacional (ex Reserva Natural) de Otamendi. Adem\u00e1s se hallaron varios ejemplares de aves, mulitas y carpinchos. La especie fue declarada Monumento Provincial en Buenos Aires y con un estado de conservaci\u00f3n cr\u00edtico en la zona. En el marco de la intensificaci\u00f3n de controles de [&hellip;]<\/p>\n","protected":false},"author":4,"featured_media":55092,"comment_status":"open","ping_status":"closed","sticky":false,"template":"","format":"standard","meta":{"om_disable_all_campaigns":false,"_jetpack_memberships_contains_paid_content":false,"footnotes":""},"categories":[621],"tags":[],"class_list":["post-55091","post","type-post","status-publish","format-standard","has-post-thumbnail","hentry","category-regionales"],"aioseo_notices":[],"gutentor_comment":0,"jetpack_featured_media_url":"https:\/\/eldiariodesanpedro.com.ar\/sitio\/wp-content\/uploads\/2019\/06\/20190624071340.jpg","jetpack_shortlink":"https:\/\/wp.me\/p6RhLt-ekz","jetpack_sharing_enabled":true,"_links":{"self":[{"href":"https:\/\/eldiariodesanpedro.com.ar\/sitio\/wp-json\/wp\/v2\/posts\/55091","targetHints":{"allow":["GET"]}}],"collection":[{"href":"https:\/\/eldiariodesanpedro.com.ar\/sitio\/wp-json\/wp\/v2\/posts"}],"about":[{"href":"https:\/\/eldiariodesanpedro.com.ar\/sitio\/wp-json\/wp\/v2\/types\/post"}],"author":[{"embeddable":true,"href":"https:\/\/eldiariodesanpedro.com.ar\/sitio\/wp-json\/wp\/v2\/users\/4"}],"replies":[{"embeddable":true,"href":"https:\/\/eldiariodesanpedro.com.ar\/sitio\/wp-json\/wp\/v2\/comments?post=55091"}],"version-history":[{"count":1,"href":"https:\/\/eldiariodesanpedro.com.ar\/sitio\/wp-json\/wp\/v2\/posts\/55091\/revisions"}],"predecessor-version":[{"id":55093,"href":"https:\/\/eldiariodesanpedro.com.ar\/sitio\/wp-json\/wp\/v2\/posts\/55091\/revisions\/55093"}],"wp:featuredmedia":[{"embeddable":true,"href":"https:\/\/eldiariodesanpedro.com.ar\/sitio\/wp-json\/wp\/v2\/media\/55092"}],"wp:attachment":[{"href":"https:\/\/eldiariodesanpedro.com.ar\/sitio\/wp-json\/wp\/v2\/media?parent=55091"}],"wp:term":[{"taxonomy":"category","embeddable":true,"href":"https:\/\/eldiariodesanpedro.com.ar\/sitio\/wp-json\/wp\/v2\/categories?post=55091"},{"taxonomy":"post_tag","embeddable":true,"href":"https:\/\/eldiariodesanpedro.com.ar\/sitio\/wp-json\/wp\/v2\/tags?post=55091"}],"curies":[{"name":"wp","href":"https:\/\/api.w.org\/{rel}","templated":true}]}}