{"id":55088,"date":"2019-06-25T16:53:04","date_gmt":"2019-06-25T19:53:04","guid":{"rendered":"https:\/\/eldiariodesanpedro.com.ar\/sitio\/?p=55088"},"modified":"2019-06-25T16:53:09","modified_gmt":"2019-06-25T19:53:09","slug":"zarate-juicio-esma-iv-pediran-condenas-para-nueve-imputados-por-delitos-contra-936-personas","status":"publish","type":"post","link":"https:\/\/eldiariodesanpedro.com.ar\/sitio\/zarate-juicio-esma-iv-pediran-condenas-para-nueve-imputados-por-delitos-contra-936-personas\/","title":{"rendered":"Z\u00c1RATE: Juicio Esma IV,  pedir\u00e1n condenas para nueve imputados por delitos contra 936 personas"},"content":{"rendered":"<!-- VideographyWP Plugin Message: Automatic video embedding prevented by plugin options. -->\n\n<p>El mi\u00e9rcoles, seguir\u00e1 el juicio por la Megacausa Campo de Mayo con el inicio de las audiencias de la Causa 468, que comprende los delitos y cr\u00edmenes cometidos por efectivos del Ej\u00e9rcito en Z\u00e1rate-Campana.<\/p>\n\n\n\n<p>La querella unificada en el juicio Esma IV alegar\u00e1 y pedir\u00e1 hoy la condena por genocidio para 9 imputados por los delitos cometidos contra 936 personas que estuvieron cautivas durante la \u00faltima dictadura militar.<\/p>\n\n\n\n<p>Tambi\u00e9n hoy continuar\u00e1 en La Plata el juicio a cinco ex militares del Batall\u00f3n de Comunicaciones de Comando 601 de la localidad platense de City Bell, por su participaci\u00f3n en un operativo en el que fueron asesinados un hombre y una mujer, y secuestrados tres ni\u00f1os en la localidad de Berazategui.<\/p>\n\n\n\n<p>Hoy y ma\u00f1ana proseguir\u00e1 en Santa Fe el juicio Operativos \u00c1rea 212, en el que son juzgados 14 represores que integraron el Ej\u00e9rcito y la Polic\u00eda.<\/p>\n\n\n\n<p>Ma\u00f1ana comenzar\u00e1 el tercer mega juicio de lesa humanidad que tendr\u00e1 lugar en San Juan, en donde se juzgar\u00e1 a 34 ex integrantes de las fuerzas de seguridad, muchos de ellos ya condenados.<\/p>\n\n\n\n<p>En los Tribunales de San Mart\u00edn seguir\u00e1n las testimoniales en el proceso oral y p\u00fablico por delitos ocurridos en la \u201cContraofensiva Montonera\u201d.<\/p>\n\n\n\n<p>Adem\u00e1s, comenzar\u00e1n en el Chaco los alegatos de las defensas en el juicio de la causa Ligas Agrarias, en el cual se juzgan los delitos contra peque\u00f1os productores y trabajadores rurales de esa provincia.<\/p>\n\n\n\n<p><strong><em>El mi\u00e9rcoles, seguir\u00e1 el juicio por la Megacausa Campo de Mayo con el inicio de las audiencias de la Causa 468, que comprende los delitos y cr\u00edmenes cometidos por efectivos del Ej\u00e9rcito en Z\u00e1rate-Campana.<\/em><\/strong><\/p>\n\n\n\n<p><strong>Fuente:&nbsp;<\/strong>Noticias Z\u00e1rate Alerta&nbsp;<\/p>\n","protected":false},"excerpt":{"rendered":"<p>El mi\u00e9rcoles, seguir\u00e1 el juicio por la Megacausa Campo de Mayo con el inicio de las audiencias de la Causa 468, que comprende los delitos y cr\u00edmenes cometidos por efectivos del Ej\u00e9rcito en Z\u00e1rate-Campana. La querella unificada en el juicio Esma IV alegar\u00e1 y pedir\u00e1 hoy la condena por genocidio para 9 imputados por los [&hellip;]<\/p>\n","protected":false},"author":4,"featured_media":55089,"comment_status":"open","ping_status":"closed","sticky":false,"template":"","format":"standard","meta":{"om_disable_all_campaigns":false,"_jetpack_memberships_contains_paid_content":false,"footnotes":""},"categories":[621],"tags":[],"class_list":["post-55088","post","type-post","status-publish","format-standard","has-post-thumbnail","hentry","category-regionales"],"aioseo_notices":[],"gutentor_comment":0,"jetpack_featured_media_url":"https:\/\/eldiariodesanpedro.com.ar\/sitio\/wp-content\/uploads\/2019\/06\/937x553_492511_20190624012512.jpg","jetpack_shortlink":"https:\/\/wp.me\/p6RhLt-ekw","jetpack_sharing_enabled":true,"_links":{"self":[{"href":"https:\/\/eldiariodesanpedro.com.ar\/sitio\/wp-json\/wp\/v2\/posts\/55088","targetHints":{"allow":["GET"]}}],"collection":[{"href":"https:\/\/eldiariodesanpedro.com.ar\/sitio\/wp-json\/wp\/v2\/posts"}],"about":[{"href":"https:\/\/eldiariodesanpedro.com.ar\/sitio\/wp-json\/wp\/v2\/types\/post"}],"author":[{"embeddable":true,"href":"https:\/\/eldiariodesanpedro.com.ar\/sitio\/wp-json\/wp\/v2\/users\/4"}],"replies":[{"embeddable":true,"href":"https:\/\/eldiariodesanpedro.com.ar\/sitio\/wp-json\/wp\/v2\/comments?post=55088"}],"version-history":[{"count":1,"href":"https:\/\/eldiariodesanpedro.com.ar\/sitio\/wp-json\/wp\/v2\/posts\/55088\/revisions"}],"predecessor-version":[{"id":55090,"href":"https:\/\/eldiariodesanpedro.com.ar\/sitio\/wp-json\/wp\/v2\/posts\/55088\/revisions\/55090"}],"wp:featuredmedia":[{"embeddable":true,"href":"https:\/\/eldiariodesanpedro.com.ar\/sitio\/wp-json\/wp\/v2\/media\/55089"}],"wp:attachment":[{"href":"https:\/\/eldiariodesanpedro.com.ar\/sitio\/wp-json\/wp\/v2\/media?parent=55088"}],"wp:term":[{"taxonomy":"category","embeddable":true,"href":"https:\/\/eldiariodesanpedro.com.ar\/sitio\/wp-json\/wp\/v2\/categories?post=55088"},{"taxonomy":"post_tag","embeddable":true,"href":"https:\/\/eldiariodesanpedro.com.ar\/sitio\/wp-json\/wp\/v2\/tags?post=55088"}],"curies":[{"name":"wp","href":"https:\/\/api.w.org\/{rel}","templated":true}]}}