{"id":55085,"date":"2019-06-25T16:50:24","date_gmt":"2019-06-25T19:50:24","guid":{"rendered":"https:\/\/eldiariodesanpedro.com.ar\/sitio\/?p=55085"},"modified":"2019-06-25T16:50:28","modified_gmt":"2019-06-25T19:50:28","slug":"ramallo-bio-ramallo-desoye-la-conciliacion-obligatoria-y-no-deja-entrar-a-los-trabajadores","status":"publish","type":"post","link":"https:\/\/eldiariodesanpedro.com.ar\/sitio\/ramallo-bio-ramallo-desoye-la-conciliacion-obligatoria-y-no-deja-entrar-a-los-trabajadores\/","title":{"rendered":"RAMALLO: Bio Ramallo desoye la conciliaci\u00f3n obligatoria y no deja entrar a los trabajadores"},"content":{"rendered":"<!-- VideographyWP Plugin Message: Automatic video embedding prevented by plugin options. -->\n\n<p>Este lunes 24 de junio se volvi\u00f3 a dictar la conciliaci\u00f3n obligatoria por parte del Ministerio de Trabajo, pero la empresa incumpli\u00f3 una vez m\u00e1s, al no dejar entrar a los trabajadores a la planta.<\/p>\n\n\n\n<p>Personal policial de la Comisar\u00eda Segunda de Villa Ramallo fue los encargados de hacer cumplir la orden de la empresa de no dejar ingresar el personal, incumpliendo lo dictado por el ministerio por 15 d\u00edas h\u00e1biles.<\/p>\n\n\n\n<p>Esta es la segunda conciliaci\u00f3n obligatoria que se dicta para este conflicto. La primera la pidi\u00f3 el Ministerio de Trabajo de la Provincia y finaliz\u00f3 hace una semana sin acuerdo.<\/p>\n\n\n\n<p>Este lunes se realiz\u00f3 la primera audiencia, esta vez la empresa estuvo representada por un abogado y personal de Recursos Humanos, pero no hubo avances.<\/p>\n\n\n\n<p>Fuente: Ramallo Ciudad<\/p>\n","protected":false},"excerpt":{"rendered":"<p>Este lunes 24 de junio se volvi\u00f3 a dictar la conciliaci\u00f3n obligatoria por parte del Ministerio de Trabajo, pero la empresa incumpli\u00f3 una vez m\u00e1s, al no dejar entrar a los trabajadores a la planta. Personal policial de la Comisar\u00eda Segunda de Villa Ramallo fue los encargados de hacer cumplir la orden de la empresa [&hellip;]<\/p>\n","protected":false},"author":4,"featured_media":55086,"comment_status":"open","ping_status":"closed","sticky":false,"template":"","format":"standard","meta":{"om_disable_all_campaigns":false,"_jetpack_memberships_contains_paid_content":false,"footnotes":""},"categories":[621],"tags":[],"class_list":["post-55085","post","type-post","status-publish","format-standard","has-post-thumbnail","hentry","category-regionales"],"aioseo_notices":[],"gutentor_comment":0,"jetpack_featured_media_url":"https:\/\/eldiariodesanpedro.com.ar\/sitio\/wp-content\/uploads\/2019\/06\/bbx_222699214_1_bio_ramallo.jpeg","jetpack_shortlink":"https:\/\/wp.me\/p6RhLt-ekt","jetpack_sharing_enabled":true,"_links":{"self":[{"href":"https:\/\/eldiariodesanpedro.com.ar\/sitio\/wp-json\/wp\/v2\/posts\/55085","targetHints":{"allow":["GET"]}}],"collection":[{"href":"https:\/\/eldiariodesanpedro.com.ar\/sitio\/wp-json\/wp\/v2\/posts"}],"about":[{"href":"https:\/\/eldiariodesanpedro.com.ar\/sitio\/wp-json\/wp\/v2\/types\/post"}],"author":[{"embeddable":true,"href":"https:\/\/eldiariodesanpedro.com.ar\/sitio\/wp-json\/wp\/v2\/users\/4"}],"replies":[{"embeddable":true,"href":"https:\/\/eldiariodesanpedro.com.ar\/sitio\/wp-json\/wp\/v2\/comments?post=55085"}],"version-history":[{"count":1,"href":"https:\/\/eldiariodesanpedro.com.ar\/sitio\/wp-json\/wp\/v2\/posts\/55085\/revisions"}],"predecessor-version":[{"id":55087,"href":"https:\/\/eldiariodesanpedro.com.ar\/sitio\/wp-json\/wp\/v2\/posts\/55085\/revisions\/55087"}],"wp:featuredmedia":[{"embeddable":true,"href":"https:\/\/eldiariodesanpedro.com.ar\/sitio\/wp-json\/wp\/v2\/media\/55086"}],"wp:attachment":[{"href":"https:\/\/eldiariodesanpedro.com.ar\/sitio\/wp-json\/wp\/v2\/media?parent=55085"}],"wp:term":[{"taxonomy":"category","embeddable":true,"href":"https:\/\/eldiariodesanpedro.com.ar\/sitio\/wp-json\/wp\/v2\/categories?post=55085"},{"taxonomy":"post_tag","embeddable":true,"href":"https:\/\/eldiariodesanpedro.com.ar\/sitio\/wp-json\/wp\/v2\/tags?post=55085"}],"curies":[{"name":"wp","href":"https:\/\/api.w.org\/{rel}","templated":true}]}}