{"id":55068,"date":"2019-06-25T10:42:15","date_gmt":"2019-06-25T13:42:15","guid":{"rendered":"https:\/\/eldiariodesanpedro.com.ar\/sitio\/?p=55068"},"modified":"2019-06-25T10:42:19","modified_gmt":"2019-06-25T13:42:19","slug":"quedo-detenido-un-hombre-que-abuso-y-embarazo-a-su-hijastra","status":"publish","type":"post","link":"https:\/\/eldiariodesanpedro.com.ar\/sitio\/quedo-detenido-un-hombre-que-abuso-y-embarazo-a-su-hijastra\/","title":{"rendered":"Qued\u00f3 detenido un hombre que abus\u00f3 y embaraz\u00f3 a su hijastra"},"content":{"rendered":"<!-- VideographyWP Plugin Message: Automatic video embedding prevented by plugin options. -->\n\n<p>\n\nEl acusado es oriundo de Baradero y viv\u00eda en R\u00edo Tala. La v\u00edctima tiene 14 a\u00f1os y por orden de la Fiscal Ramos fue imputado por el delito de abuso sexual con acceso carnal agravado.\n\n<\/p>\n\n\n\n<p>El viernes, personal de la DDI San Pedro- Baradero detuvo en un domicilio de la localidad de R\u00edo Tala a un hombre de 36 a\u00f1os acusado de abusar de una joven menor de edad. El operativo se registr\u00f3 a pedido de la Fiscal Viviana Ramos y se hizo efectivo r\u00e1pidamente.<\/p>\n\n\n\n<p>El acusado tiene 36 a\u00f1os y seg\u00fan consta en la denuncia efectuada por la progenitora de la v\u00edctima, el hombre abus\u00f3 de su hija de tan solo 14 a\u00f1os.<\/p>\n\n\n\n<p>El s\u00e1bado el sujeto se present\u00f3 ante las autoridades judiciales para prestar declaraci\u00f3n y luego de cumplido el tr\u00e1mite qued\u00f3 detenido bajo la car\u00e1tula de abuso sexual con acceso carnal agravado.<\/p>\n\n\n\n<p>Seg\u00fan consta en el acta, el imputado es el padrastro de la joven abusada aunque en su momento la reconoci\u00f3 legalmente como su propia hija. Fue la madre de la v\u00edctima la que radic\u00f3 la denuncia correspondiente luego de que advirtiera que su hija atravesaba un embarazo de 2 meses de gestaci\u00f3n. &nbsp;&nbsp;<\/p>\n\n\n\n<p>Las pruebas en contra del sospechoso son contundentes. De todos modos el caso en parte contrasta por los dichos de la joven quien asegur\u00f3 que se trataba de una relaci\u00f3n consentida y que era su intenci\u00f3n continuar con la misma.<\/p>\n\n\n\n<p>A la confesi\u00f3n que la menor efectu\u00f3 a su madre cuando esta la consult\u00f3 sobre la paternidad del beb\u00e9, tambi\u00e9n se sum\u00f3 la declaraci\u00f3n en c\u00e1mara gesell ante el personal del \u00e1rea t\u00e9cnica, las declaraciones testimoniales y tareas de campo entre otras diligencias, fue como se determin\u00f3 su detenci\u00f3n.<\/p>\n\n\n\n<p>Fuente: San Pedro Informa<\/p>\n","protected":false},"excerpt":{"rendered":"<p>El acusado es oriundo de Baradero y viv\u00eda en R\u00edo Tala. La v\u00edctima tiene 14 a\u00f1os y por orden de la Fiscal Ramos fue imputado por el delito de abuso sexual con acceso carnal agravado. El viernes, personal de la DDI San Pedro- Baradero detuvo en un domicilio de la localidad de R\u00edo Tala a [&hellip;]<\/p>\n","protected":false},"author":4,"featured_media":55069,"comment_status":"open","ping_status":"closed","sticky":false,"template":"","format":"standard","meta":{"om_disable_all_campaigns":false,"_jetpack_memberships_contains_paid_content":false,"footnotes":""},"categories":[101,2],"tags":[],"class_list":["post-55068","post","type-post","status-publish","format-standard","has-post-thumbnail","hentry","category-interes-general-locales","category-locales"],"aioseo_notices":[],"gutentor_comment":0,"jetpack_featured_media_url":"https:\/\/eldiariodesanpedro.com.ar\/sitio\/wp-content\/uploads\/2019\/06\/000077935.jpg","jetpack_shortlink":"https:\/\/wp.me\/p6RhLt-ekc","jetpack_sharing_enabled":true,"_links":{"self":[{"href":"https:\/\/eldiariodesanpedro.com.ar\/sitio\/wp-json\/wp\/v2\/posts\/55068","targetHints":{"allow":["GET"]}}],"collection":[{"href":"https:\/\/eldiariodesanpedro.com.ar\/sitio\/wp-json\/wp\/v2\/posts"}],"about":[{"href":"https:\/\/eldiariodesanpedro.com.ar\/sitio\/wp-json\/wp\/v2\/types\/post"}],"author":[{"embeddable":true,"href":"https:\/\/eldiariodesanpedro.com.ar\/sitio\/wp-json\/wp\/v2\/users\/4"}],"replies":[{"embeddable":true,"href":"https:\/\/eldiariodesanpedro.com.ar\/sitio\/wp-json\/wp\/v2\/comments?post=55068"}],"version-history":[{"count":1,"href":"https:\/\/eldiariodesanpedro.com.ar\/sitio\/wp-json\/wp\/v2\/posts\/55068\/revisions"}],"predecessor-version":[{"id":55070,"href":"https:\/\/eldiariodesanpedro.com.ar\/sitio\/wp-json\/wp\/v2\/posts\/55068\/revisions\/55070"}],"wp:featuredmedia":[{"embeddable":true,"href":"https:\/\/eldiariodesanpedro.com.ar\/sitio\/wp-json\/wp\/v2\/media\/55069"}],"wp:attachment":[{"href":"https:\/\/eldiariodesanpedro.com.ar\/sitio\/wp-json\/wp\/v2\/media?parent=55068"}],"wp:term":[{"taxonomy":"category","embeddable":true,"href":"https:\/\/eldiariodesanpedro.com.ar\/sitio\/wp-json\/wp\/v2\/categories?post=55068"},{"taxonomy":"post_tag","embeddable":true,"href":"https:\/\/eldiariodesanpedro.com.ar\/sitio\/wp-json\/wp\/v2\/tags?post=55068"}],"curies":[{"name":"wp","href":"https:\/\/api.w.org\/{rel}","templated":true}]}}