{"id":55065,"date":"2019-06-25T10:33:47","date_gmt":"2019-06-25T13:33:47","guid":{"rendered":"https:\/\/eldiariodesanpedro.com.ar\/sitio\/?p=55065"},"modified":"2019-06-25T10:33:52","modified_gmt":"2019-06-25T13:33:52","slug":"rige-la-alerta-por-vientos-fuertes","status":"publish","type":"post","link":"https:\/\/eldiariodesanpedro.com.ar\/sitio\/rige-la-alerta-por-vientos-fuertes\/","title":{"rendered":"Rige la alerta por vientos fuertes"},"content":{"rendered":"<!-- VideographyWP Plugin Message: Automatic video embedding prevented by plugin options. -->\n\n<p>Desde esta madrugada intensos vientos se registraron en nuestra ciudad que iban desde 45 a 70 km\/h de sur a norte. El fen\u00f3meno se extender\u00e1 hasta este mediod\u00eda.<\/p>\n\n\n\n<p>Desde el Servicio Meteorol\u00f3gico Nacional rige sobre el centro y sur de nuestro pa\u00eds, vientos intensos. <\/p>\n\n\n\n<p>Los mismos se extender\u00e1n al resto del \u00e1rea de cobertura durante la ma\u00f1ana de hoy martes 25, alcanzando velocidades entre 45 y 70 km\/h con r\u00e1fagas.<\/p>\n\n\n\n<p> La intensidad de los mismos tender\u00e1 a disminuir de sur a norte durante el transcurso del d\u00eda. Se determina el cese de alerta para centro y este de Mendoza, centro y este de Neuquen y norte de Rio Negro.<\/p>\n\n\n\n<p> El sudoeste de Mendoza y el centro de Neuquen pasan a formar parte del alerta n\u00b0 1 de vientos intensos con r\u00e1fagas. <\/p>\n\n\n\n<p>Los pron\u00f3sticos de intensidad de viento en el \u00e1rea mar\u00edtima adyacente a las costas de la provincia de Buenos Aires fueron emitidos en los boletines de navegaci\u00f3n mar\u00edtima de rutina.<\/p>\n\n\n\n<p><strong>Zonas:<\/strong>\u00a0Provincia de Buenos Aires, Centro y este de Catamarca, Chaco, C\u00f3rdoba, Corrientes, Entre R\u00edos, La Pampa, Centro y este de La Rioja, Este de Salta, Centro y este de San Juan, San Luis, Santa Fe, Santiago del Estero, Ciudad Aut\u00f3noma de Buenos Aires y R\u00edo de la Plata<\/p>\n","protected":false},"excerpt":{"rendered":"<p>Desde esta madrugada intensos vientos se registraron en nuestra ciudad que iban desde 45 a 70 km\/h de sur a norte. El fen\u00f3meno se extender\u00e1 hasta este mediod\u00eda. Desde el Servicio Meteorol\u00f3gico Nacional rige sobre el centro y sur de nuestro pa\u00eds, vientos intensos. Los mismos se extender\u00e1n al resto del \u00e1rea de cobertura durante [&hellip;]<\/p>\n","protected":false},"author":4,"featured_media":55066,"comment_status":"open","ping_status":"closed","sticky":false,"template":"","format":"standard","meta":{"om_disable_all_campaigns":false,"_jetpack_memberships_contains_paid_content":false,"footnotes":""},"categories":[101,2],"tags":[],"class_list":["post-55065","post","type-post","status-publish","format-standard","has-post-thumbnail","hentry","category-interes-general-locales","category-locales"],"aioseo_notices":[],"gutentor_comment":0,"jetpack_featured_media_url":"https:\/\/eldiariodesanpedro.com.ar\/sitio\/wp-content\/uploads\/2019\/06\/20181224163843_35742403_0_body.jpg","jetpack_shortlink":"https:\/\/wp.me\/p6RhLt-ek9","jetpack_sharing_enabled":true,"_links":{"self":[{"href":"https:\/\/eldiariodesanpedro.com.ar\/sitio\/wp-json\/wp\/v2\/posts\/55065","targetHints":{"allow":["GET"]}}],"collection":[{"href":"https:\/\/eldiariodesanpedro.com.ar\/sitio\/wp-json\/wp\/v2\/posts"}],"about":[{"href":"https:\/\/eldiariodesanpedro.com.ar\/sitio\/wp-json\/wp\/v2\/types\/post"}],"author":[{"embeddable":true,"href":"https:\/\/eldiariodesanpedro.com.ar\/sitio\/wp-json\/wp\/v2\/users\/4"}],"replies":[{"embeddable":true,"href":"https:\/\/eldiariodesanpedro.com.ar\/sitio\/wp-json\/wp\/v2\/comments?post=55065"}],"version-history":[{"count":1,"href":"https:\/\/eldiariodesanpedro.com.ar\/sitio\/wp-json\/wp\/v2\/posts\/55065\/revisions"}],"predecessor-version":[{"id":55067,"href":"https:\/\/eldiariodesanpedro.com.ar\/sitio\/wp-json\/wp\/v2\/posts\/55065\/revisions\/55067"}],"wp:featuredmedia":[{"embeddable":true,"href":"https:\/\/eldiariodesanpedro.com.ar\/sitio\/wp-json\/wp\/v2\/media\/55066"}],"wp:attachment":[{"href":"https:\/\/eldiariodesanpedro.com.ar\/sitio\/wp-json\/wp\/v2\/media?parent=55065"}],"wp:term":[{"taxonomy":"category","embeddable":true,"href":"https:\/\/eldiariodesanpedro.com.ar\/sitio\/wp-json\/wp\/v2\/categories?post=55065"},{"taxonomy":"post_tag","embeddable":true,"href":"https:\/\/eldiariodesanpedro.com.ar\/sitio\/wp-json\/wp\/v2\/tags?post=55065"}],"curies":[{"name":"wp","href":"https:\/\/api.w.org\/{rel}","templated":true}]}}