{"id":55062,"date":"2019-06-25T10:01:59","date_gmt":"2019-06-25T13:01:59","guid":{"rendered":"https:\/\/eldiariodesanpedro.com.ar\/sitio\/?p=55062"},"modified":"2019-06-25T10:02:03","modified_gmt":"2019-06-25T13:02:03","slug":"continua-la-vacunacion-antigripal","status":"publish","type":"post","link":"https:\/\/eldiariodesanpedro.com.ar\/sitio\/continua-la-vacunacion-antigripal\/","title":{"rendered":"Contin\u00faa la vacunaci\u00f3n antigripal"},"content":{"rendered":"<!-- VideographyWP Plugin Message: Automatic video embedding prevented by plugin options. -->\n\n<p>La Secretar\u00eda de Salud de la Municipalidad de San Pedro informa, que contin\u00faa en el Hospital Subzonal Dr. Emilio Ruffa, localidades y centros de salud de todo el Partido de San Pedro, la vacunaci\u00f3n antigripal que est\u00e1 disponible de manera gratuita y obligatoria para la poblaci\u00f3n de riesgo.<\/p>\n\n\n\n<p>Est\u00e1 dirigida al personal de salud, embarazadas, pu\u00e9rperas, ni\u00f1os de 6 a 24 meses de edad, personas de 2 a 64 a\u00f1os que tengan factores de riesgo y de 65 a\u00f1os en adelante.<\/p>\n\n\n\n<p>Acercate en los siguientes horarios:&nbsp;Hospital Subzonal Dr. Emilio Ruffa: 7 a 13 hsLocalidades: 8 a 16 hsCentros de salud: 8 a 13.30 hs\n\n<\/p>\n","protected":false},"excerpt":{"rendered":"<p>La Secretar\u00eda de Salud de la Municipalidad de San Pedro informa, que contin\u00faa en el Hospital Subzonal Dr. Emilio Ruffa, localidades y centros de salud de todo el Partido de San Pedro, la vacunaci\u00f3n antigripal que est\u00e1 disponible de manera gratuita y obligatoria para la poblaci\u00f3n de riesgo. Est\u00e1 dirigida al personal de salud, embarazadas, [&hellip;]<\/p>\n","protected":false},"author":4,"featured_media":55063,"comment_status":"open","ping_status":"closed","sticky":false,"template":"","format":"standard","meta":{"om_disable_all_campaigns":false,"_jetpack_memberships_contains_paid_content":false,"footnotes":""},"categories":[101,2],"tags":[],"class_list":["post-55062","post","type-post","status-publish","format-standard","has-post-thumbnail","hentry","category-interes-general-locales","category-locales"],"aioseo_notices":[],"gutentor_comment":0,"jetpack_featured_media_url":"https:\/\/eldiariodesanpedro.com.ar\/sitio\/wp-content\/uploads\/2019\/06\/WEB-acunaci\u00f3n-en-LUNCEC_21-de-mayo-de-2019-2-1024x506.jpg","jetpack_shortlink":"https:\/\/wp.me\/p6RhLt-ek6","jetpack_sharing_enabled":true,"_links":{"self":[{"href":"https:\/\/eldiariodesanpedro.com.ar\/sitio\/wp-json\/wp\/v2\/posts\/55062","targetHints":{"allow":["GET"]}}],"collection":[{"href":"https:\/\/eldiariodesanpedro.com.ar\/sitio\/wp-json\/wp\/v2\/posts"}],"about":[{"href":"https:\/\/eldiariodesanpedro.com.ar\/sitio\/wp-json\/wp\/v2\/types\/post"}],"author":[{"embeddable":true,"href":"https:\/\/eldiariodesanpedro.com.ar\/sitio\/wp-json\/wp\/v2\/users\/4"}],"replies":[{"embeddable":true,"href":"https:\/\/eldiariodesanpedro.com.ar\/sitio\/wp-json\/wp\/v2\/comments?post=55062"}],"version-history":[{"count":1,"href":"https:\/\/eldiariodesanpedro.com.ar\/sitio\/wp-json\/wp\/v2\/posts\/55062\/revisions"}],"predecessor-version":[{"id":55064,"href":"https:\/\/eldiariodesanpedro.com.ar\/sitio\/wp-json\/wp\/v2\/posts\/55062\/revisions\/55064"}],"wp:featuredmedia":[{"embeddable":true,"href":"https:\/\/eldiariodesanpedro.com.ar\/sitio\/wp-json\/wp\/v2\/media\/55063"}],"wp:attachment":[{"href":"https:\/\/eldiariodesanpedro.com.ar\/sitio\/wp-json\/wp\/v2\/media?parent=55062"}],"wp:term":[{"taxonomy":"category","embeddable":true,"href":"https:\/\/eldiariodesanpedro.com.ar\/sitio\/wp-json\/wp\/v2\/categories?post=55062"},{"taxonomy":"post_tag","embeddable":true,"href":"https:\/\/eldiariodesanpedro.com.ar\/sitio\/wp-json\/wp\/v2\/tags?post=55062"}],"curies":[{"name":"wp","href":"https:\/\/api.w.org\/{rel}","templated":true}]}}