{"id":55044,"date":"2019-06-25T09:56:48","date_gmt":"2019-06-25T12:56:48","guid":{"rendered":"https:\/\/eldiariodesanpedro.com.ar\/sitio\/?p=55044"},"modified":"2019-06-25T09:56:52","modified_gmt":"2019-06-25T12:56:52","slug":"oriana-envio-un-mensaje-emocionante-gracias-a-todos-por-rezar-por-mi","status":"publish","type":"post","link":"https:\/\/eldiariodesanpedro.com.ar\/sitio\/oriana-envio-un-mensaje-emocionante-gracias-a-todos-por-rezar-por-mi\/","title":{"rendered":"Oriana envi\u00f3 un mensaje emocionante \u00abGracias a todos por rezar por mi\u00bb"},"content":{"rendered":"<!-- VideographyWP Plugin Message: Automatic video embedding prevented by plugin options. -->\n\n<p>Luego de su exitosa operaci\u00f3n, Oriana se recupera favorablemente de su segundo trasplante. La ni\u00f1a de 11\u00a0a\u00f1os estaba en lista de espera, y la necesidad de un nuevo coraz\u00f3n era urgente debido a su estado de salud.<\/p>\n\n\n\n<p>La chiquita  naci\u00f3 con un problema cong\u00e9nito, lo que derivo a su primer trasplante cuando tenia un a\u00f1ito de edad, a\u00f1o 2009.<\/p>\n\n\n\n<p>Desde que se le diagnostic\u00f3 fue sometida a muchos tratamientos, ademas de su recuperaci\u00f3n,  pero este ultimo a\u00f1o volvi\u00f3 a descompensarse y la \u00fanica forma de sobrevivir era otro trasplante.<\/p>\n\n\n\n<p>Oriana se encontraba en Emergencia Nacional y este 19 de junio, su \u00e1ngel donante lleg\u00f3.<\/p>\n\n\n\n<p>La intervenci\u00f3n duro m\u00e1s de 4 horas, Ori entro al quir\u00f3fano antes de las 20 y finaliz\u00f3 a las 4 y 45 am. Los m\u00e9dicos tratantes informaron que la intervencion fue un exito y que reacciono muy bien a sus primeras horas de recuperacion.<\/p>\n\n\n\n<p>Este martes 25, Mariana su mama, dialogo con nuestra redacci\u00f3n cont\u00e1ndonos como evoluciona esta guerrera y ademas, se animo a mandarnos un mensaje a trav\u00e9s de un v\u00eddeo donde Ori nos dice \u00abGracias por rezar por mi\u00bb.<\/p>\n\n\n\n<figure class=\"wp-block-image\"><img decoding=\"async\" width=\"540\" height=\"960\" data-attachment-id=\"55060\" data-permalink=\"https:\/\/eldiariodesanpedro.com.ar\/sitio\/oriana-envio-un-mensaje-emocionante-gracias-a-todos-por-rezar-por-mi\/64834523_2233015583412888_2861642941598793728_n\/\" data-orig-file=\"https:\/\/eldiariodesanpedro.com.ar\/sitio\/wp-content\/uploads\/2019\/06\/64834523_2233015583412888_2861642941598793728_n.jpg\" data-orig-size=\"540,960\" data-comments-opened=\"1\" data-image-meta=\"{&quot;aperture&quot;:&quot;0&quot;,&quot;credit&quot;:&quot;&quot;,&quot;camera&quot;:&quot;&quot;,&quot;caption&quot;:&quot;&quot;,&quot;created_timestamp&quot;:&quot;0&quot;,&quot;copyright&quot;:&quot;&quot;,&quot;focal_length&quot;:&quot;0&quot;,&quot;iso&quot;:&quot;0&quot;,&quot;shutter_speed&quot;:&quot;0&quot;,&quot;title&quot;:&quot;&quot;,&quot;orientation&quot;:&quot;0&quot;}\" data-image-title=\"64834523_2233015583412888_2861642941598793728_n\" data-image-description=\"\" data-image-caption=\"\" data-large-file=\"https:\/\/eldiariodesanpedro.com.ar\/sitio\/wp-content\/uploads\/2019\/06\/64834523_2233015583412888_2861642941598793728_n.jpg\" data-src=\"https:\/\/eldiariodesanpedro.com.ar\/sitio\/wp-content\/uploads\/2019\/06\/64834523_2233015583412888_2861642941598793728_n.jpg\" alt=\"\" class=\"wp-image-55060 lazyload\" data-srcset=\"https:\/\/eldiariodesanpedro.com.ar\/sitio\/wp-content\/uploads\/2019\/06\/64834523_2233015583412888_2861642941598793728_n.jpg 540w, https:\/\/eldiariodesanpedro.com.ar\/sitio\/wp-content\/uploads\/2019\/06\/64834523_2233015583412888_2861642941598793728_n-169x300.jpg 169w\" data-sizes=\"(max-width: 540px) 100vw, 540px\" src=\"data:image\/svg+xml;base64,PHN2ZyB3aWR0aD0iMSIgaGVpZ2h0PSIxIiB4bWxucz0iaHR0cDovL3d3dy53My5vcmcvMjAwMC9zdmciPjwvc3ZnPg==\" style=\"--smush-placeholder-width: 540px; --smush-placeholder-aspect-ratio: 540\/960;\" \/><\/figure>\n\n\n\n<p>\u00abGracias a Dios mi ni\u00f1a esta estable, recuper\u00e1ndose de a poco, esta mas animada pero cuesta mucho todo, pasa mucho tiempo acostada, pero la verdad que se encuentra recuperando, es el d\u00eda a d\u00eda, la oraci\u00f3n de toda la gente llega y se siente\u00bb<\/p>\n\n\n\n<p>\u00bb La Ley Justina cambio  mucho todo, Oriana en 15 d\u00edas estaba en emergencia Nacional, y el donante apareci\u00f3, es de otro angelito de 9 a\u00f1os, el coraz\u00f3n es un poquito mas grande por eso tenemos ademas todo el proceso de adaptaci\u00f3n en el cuerpito de Oriana\u00bb <\/p>\n\n\n\n<p>Tambi\u00e9n nos cont\u00f3 su paso por el programa de Marcelo Tinelli, \u00abfuimos con un grupo de mamas a dar a conocer la situaci\u00f3n de cada ni\u00f1o,  el que no la pasa no sabe lo que es esperar un trasplante, la importancia de donar \u00f3rganos, no pudimos hacer nota pero nos sacamos fotos, nos escucharon y tenemos el telefono personal de Marcelo\u00bb.<\/p>\n\n\n\n<ul class=\"wp-block-gallery columns-3 is-cropped wp-block-gallery-1 is-layout-flex wp-block-gallery-is-layout-flex\"><li class=\"blocks-gallery-item\"><figure><img decoding=\"async\" width=\"576\" height=\"1024\" data-attachment-id=\"55058\" data-permalink=\"https:\/\/eldiariodesanpedro.com.ar\/sitio\/img-20190625-wa0012\/\" data-orig-file=\"https:\/\/eldiariodesanpedro.com.ar\/sitio\/wp-content\/uploads\/2019\/06\/IMG-20190625-WA0012.jpg\" data-orig-size=\"581,1032\" data-comments-opened=\"1\" data-image-meta=\"{&quot;aperture&quot;:&quot;0&quot;,&quot;credit&quot;:&quot;&quot;,&quot;camera&quot;:&quot;&quot;,&quot;caption&quot;:&quot;&quot;,&quot;created_timestamp&quot;:&quot;0&quot;,&quot;copyright&quot;:&quot;&quot;,&quot;focal_length&quot;:&quot;0&quot;,&quot;iso&quot;:&quot;0&quot;,&quot;shutter_speed&quot;:&quot;0&quot;,&quot;title&quot;:&quot;&quot;,&quot;orientation&quot;:&quot;0&quot;}\" data-image-title=\"IMG-20190625-WA0012\" data-image-description=\"\" data-image-caption=\"\" data-large-file=\"https:\/\/eldiariodesanpedro.com.ar\/sitio\/wp-content\/uploads\/2019\/06\/IMG-20190625-WA0012-576x1024.jpg\" data-src=\"https:\/\/eldiariodesanpedro.com.ar\/sitio\/wp-content\/uploads\/2019\/06\/IMG-20190625-WA0012-576x1024.jpg\" alt=\"\" data-id=\"55058\" data-link=\"https:\/\/eldiariodesanpedro.com.ar\/sitio\/img-20190625-wa0012\/\" class=\"wp-image-55058 lazyload\" data-srcset=\"https:\/\/eldiariodesanpedro.com.ar\/sitio\/wp-content\/uploads\/2019\/06\/IMG-20190625-WA0012-576x1024.jpg 576w, https:\/\/eldiariodesanpedro.com.ar\/sitio\/wp-content\/uploads\/2019\/06\/IMG-20190625-WA0012-169x300.jpg 169w, https:\/\/eldiariodesanpedro.com.ar\/sitio\/wp-content\/uploads\/2019\/06\/IMG-20190625-WA0012.jpg 581w\" data-sizes=\"(max-width: 576px) 100vw, 576px\" src=\"data:image\/svg+xml;base64,PHN2ZyB3aWR0aD0iMSIgaGVpZ2h0PSIxIiB4bWxucz0iaHR0cDovL3d3dy53My5vcmcvMjAwMC9zdmciPjwvc3ZnPg==\" style=\"--smush-placeholder-width: 576px; --smush-placeholder-aspect-ratio: 576\/1024;\" \/><\/figure><\/li><li class=\"blocks-gallery-item\"><figure><img decoding=\"async\" width=\"576\" height=\"1024\" data-attachment-id=\"55056\" data-permalink=\"https:\/\/eldiariodesanpedro.com.ar\/sitio\/img-20190625-wa0011\/\" data-orig-file=\"https:\/\/eldiariodesanpedro.com.ar\/sitio\/wp-content\/uploads\/2019\/06\/IMG-20190625-WA0011.jpg\" data-orig-size=\"581,1032\" data-comments-opened=\"1\" data-image-meta=\"{&quot;aperture&quot;:&quot;0&quot;,&quot;credit&quot;:&quot;&quot;,&quot;camera&quot;:&quot;&quot;,&quot;caption&quot;:&quot;&quot;,&quot;created_timestamp&quot;:&quot;0&quot;,&quot;copyright&quot;:&quot;&quot;,&quot;focal_length&quot;:&quot;0&quot;,&quot;iso&quot;:&quot;0&quot;,&quot;shutter_speed&quot;:&quot;0&quot;,&quot;title&quot;:&quot;&quot;,&quot;orientation&quot;:&quot;0&quot;}\" data-image-title=\"IMG-20190625-WA0011\" data-image-description=\"\" data-image-caption=\"\" data-large-file=\"https:\/\/eldiariodesanpedro.com.ar\/sitio\/wp-content\/uploads\/2019\/06\/IMG-20190625-WA0011-576x1024.jpg\" data-src=\"https:\/\/eldiariodesanpedro.com.ar\/sitio\/wp-content\/uploads\/2019\/06\/IMG-20190625-WA0011-576x1024.jpg\" alt=\"\" data-id=\"55056\" data-link=\"https:\/\/eldiariodesanpedro.com.ar\/sitio\/img-20190625-wa0011\/\" class=\"wp-image-55056 lazyload\" data-srcset=\"https:\/\/eldiariodesanpedro.com.ar\/sitio\/wp-content\/uploads\/2019\/06\/IMG-20190625-WA0011-576x1024.jpg 576w, https:\/\/eldiariodesanpedro.com.ar\/sitio\/wp-content\/uploads\/2019\/06\/IMG-20190625-WA0011-169x300.jpg 169w, https:\/\/eldiariodesanpedro.com.ar\/sitio\/wp-content\/uploads\/2019\/06\/IMG-20190625-WA0011.jpg 581w\" data-sizes=\"(max-width: 576px) 100vw, 576px\" src=\"data:image\/svg+xml;base64,PHN2ZyB3aWR0aD0iMSIgaGVpZ2h0PSIxIiB4bWxucz0iaHR0cDovL3d3dy53My5vcmcvMjAwMC9zdmciPjwvc3ZnPg==\" style=\"--smush-placeholder-width: 576px; --smush-placeholder-aspect-ratio: 576\/1024;\" \/><\/figure><\/li><li class=\"blocks-gallery-item\"><figure><img decoding=\"async\" width=\"576\" height=\"1024\" data-attachment-id=\"55055\" data-permalink=\"https:\/\/eldiariodesanpedro.com.ar\/sitio\/img-20190625-wa0010\/\" data-orig-file=\"https:\/\/eldiariodesanpedro.com.ar\/sitio\/wp-content\/uploads\/2019\/06\/IMG-20190625-WA0010.jpg\" data-orig-size=\"581,1032\" data-comments-opened=\"1\" data-image-meta=\"{&quot;aperture&quot;:&quot;0&quot;,&quot;credit&quot;:&quot;&quot;,&quot;camera&quot;:&quot;&quot;,&quot;caption&quot;:&quot;&quot;,&quot;created_timestamp&quot;:&quot;0&quot;,&quot;copyright&quot;:&quot;&quot;,&quot;focal_length&quot;:&quot;0&quot;,&quot;iso&quot;:&quot;0&quot;,&quot;shutter_speed&quot;:&quot;0&quot;,&quot;title&quot;:&quot;&quot;,&quot;orientation&quot;:&quot;0&quot;}\" data-image-title=\"IMG-20190625-WA0010\" data-image-description=\"\" data-image-caption=\"\" data-large-file=\"https:\/\/eldiariodesanpedro.com.ar\/sitio\/wp-content\/uploads\/2019\/06\/IMG-20190625-WA0010-576x1024.jpg\" data-src=\"https:\/\/eldiariodesanpedro.com.ar\/sitio\/wp-content\/uploads\/2019\/06\/IMG-20190625-WA0010-576x1024.jpg\" alt=\"\" data-id=\"55055\" data-link=\"https:\/\/eldiariodesanpedro.com.ar\/sitio\/img-20190625-wa0010\/\" class=\"wp-image-55055 lazyload\" data-srcset=\"https:\/\/eldiariodesanpedro.com.ar\/sitio\/wp-content\/uploads\/2019\/06\/IMG-20190625-WA0010-576x1024.jpg 576w, https:\/\/eldiariodesanpedro.com.ar\/sitio\/wp-content\/uploads\/2019\/06\/IMG-20190625-WA0010-169x300.jpg 169w, https:\/\/eldiariodesanpedro.com.ar\/sitio\/wp-content\/uploads\/2019\/06\/IMG-20190625-WA0010.jpg 581w\" data-sizes=\"(max-width: 576px) 100vw, 576px\" src=\"data:image\/svg+xml;base64,PHN2ZyB3aWR0aD0iMSIgaGVpZ2h0PSIxIiB4bWxucz0iaHR0cDovL3d3dy53My5vcmcvMjAwMC9zdmciPjwvc3ZnPg==\" style=\"--smush-placeholder-width: 576px; --smush-placeholder-aspect-ratio: 576\/1024;\" \/><\/figure><\/li><li class=\"blocks-gallery-item\"><figure><img decoding=\"async\" width=\"1024\" height=\"576\" data-attachment-id=\"55052\" data-permalink=\"https:\/\/eldiariodesanpedro.com.ar\/sitio\/img-20190625-wa0009\/\" data-orig-file=\"https:\/\/eldiariodesanpedro.com.ar\/sitio\/wp-content\/uploads\/2019\/06\/IMG-20190625-WA0009.jpg\" data-orig-size=\"1032,581\" data-comments-opened=\"1\" data-image-meta=\"{&quot;aperture&quot;:&quot;0&quot;,&quot;credit&quot;:&quot;&quot;,&quot;camera&quot;:&quot;&quot;,&quot;caption&quot;:&quot;&quot;,&quot;created_timestamp&quot;:&quot;0&quot;,&quot;copyright&quot;:&quot;&quot;,&quot;focal_length&quot;:&quot;0&quot;,&quot;iso&quot;:&quot;0&quot;,&quot;shutter_speed&quot;:&quot;0&quot;,&quot;title&quot;:&quot;&quot;,&quot;orientation&quot;:&quot;0&quot;}\" data-image-title=\"IMG-20190625-WA0009\" data-image-description=\"\" data-image-caption=\"\" data-large-file=\"https:\/\/eldiariodesanpedro.com.ar\/sitio\/wp-content\/uploads\/2019\/06\/IMG-20190625-WA0009-1024x576.jpg\" data-src=\"https:\/\/eldiariodesanpedro.com.ar\/sitio\/wp-content\/uploads\/2019\/06\/IMG-20190625-WA0009-1024x576.jpg\" alt=\"\" data-id=\"55052\" data-link=\"https:\/\/eldiariodesanpedro.com.ar\/sitio\/img-20190625-wa0009\/\" class=\"wp-image-55052 lazyload\" data-srcset=\"https:\/\/eldiariodesanpedro.com.ar\/sitio\/wp-content\/uploads\/2019\/06\/IMG-20190625-WA0009-1024x576.jpg 1024w, https:\/\/eldiariodesanpedro.com.ar\/sitio\/wp-content\/uploads\/2019\/06\/IMG-20190625-WA0009-300x169.jpg 300w, https:\/\/eldiariodesanpedro.com.ar\/sitio\/wp-content\/uploads\/2019\/06\/IMG-20190625-WA0009-768x432.jpg 768w, https:\/\/eldiariodesanpedro.com.ar\/sitio\/wp-content\/uploads\/2019\/06\/IMG-20190625-WA0009.jpg 1032w\" data-sizes=\"(max-width: 1024px) 100vw, 1024px\" src=\"data:image\/svg+xml;base64,PHN2ZyB3aWR0aD0iMSIgaGVpZ2h0PSIxIiB4bWxucz0iaHR0cDovL3d3dy53My5vcmcvMjAwMC9zdmciPjwvc3ZnPg==\" style=\"--smush-placeholder-width: 1024px; --smush-placeholder-aspect-ratio: 1024\/576;\" \/><\/figure><\/li><li class=\"blocks-gallery-item\"><figure><img decoding=\"async\" width=\"614\" height=\"1024\" data-attachment-id=\"55051\" data-permalink=\"https:\/\/eldiariodesanpedro.com.ar\/sitio\/img-20190625-wa0016\/\" data-orig-file=\"https:\/\/eldiariodesanpedro.com.ar\/sitio\/wp-content\/uploads\/2019\/06\/IMG-20190625-WA0016.jpg\" data-orig-size=\"768,1280\" data-comments-opened=\"1\" data-image-meta=\"{&quot;aperture&quot;:&quot;0&quot;,&quot;credit&quot;:&quot;&quot;,&quot;camera&quot;:&quot;&quot;,&quot;caption&quot;:&quot;&quot;,&quot;created_timestamp&quot;:&quot;0&quot;,&quot;copyright&quot;:&quot;&quot;,&quot;focal_length&quot;:&quot;0&quot;,&quot;iso&quot;:&quot;0&quot;,&quot;shutter_speed&quot;:&quot;0&quot;,&quot;title&quot;:&quot;&quot;,&quot;orientation&quot;:&quot;0&quot;}\" data-image-title=\"IMG-20190625-WA0016\" data-image-description=\"\" data-image-caption=\"\" data-large-file=\"https:\/\/eldiariodesanpedro.com.ar\/sitio\/wp-content\/uploads\/2019\/06\/IMG-20190625-WA0016-614x1024.jpg\" data-src=\"https:\/\/eldiariodesanpedro.com.ar\/sitio\/wp-content\/uploads\/2019\/06\/IMG-20190625-WA0016-614x1024.jpg\" alt=\"\" data-id=\"55051\" data-link=\"https:\/\/eldiariodesanpedro.com.ar\/sitio\/img-20190625-wa0016\/\" class=\"wp-image-55051 lazyload\" data-srcset=\"https:\/\/eldiariodesanpedro.com.ar\/sitio\/wp-content\/uploads\/2019\/06\/IMG-20190625-WA0016-614x1024.jpg 614w, https:\/\/eldiariodesanpedro.com.ar\/sitio\/wp-content\/uploads\/2019\/06\/IMG-20190625-WA0016-180x300.jpg 180w, https:\/\/eldiariodesanpedro.com.ar\/sitio\/wp-content\/uploads\/2019\/06\/IMG-20190625-WA0016.jpg 768w\" data-sizes=\"(max-width: 614px) 100vw, 614px\" src=\"data:image\/svg+xml;base64,PHN2ZyB3aWR0aD0iMSIgaGVpZ2h0PSIxIiB4bWxucz0iaHR0cDovL3d3dy53My5vcmcvMjAwMC9zdmciPjwvc3ZnPg==\" style=\"--smush-placeholder-width: 614px; --smush-placeholder-aspect-ratio: 614\/1024;\" \/><\/figure><\/li><li class=\"blocks-gallery-item\"><figure><img decoding=\"async\" width=\"614\" height=\"1024\" data-attachment-id=\"55049\" data-permalink=\"https:\/\/eldiariodesanpedro.com.ar\/sitio\/img-20190625-wa0014\/\" data-orig-file=\"https:\/\/eldiariodesanpedro.com.ar\/sitio\/wp-content\/uploads\/2019\/06\/IMG-20190625-WA0014.jpg\" data-orig-size=\"768,1280\" data-comments-opened=\"1\" data-image-meta=\"{&quot;aperture&quot;:&quot;0&quot;,&quot;credit&quot;:&quot;&quot;,&quot;camera&quot;:&quot;&quot;,&quot;caption&quot;:&quot;&quot;,&quot;created_timestamp&quot;:&quot;0&quot;,&quot;copyright&quot;:&quot;&quot;,&quot;focal_length&quot;:&quot;0&quot;,&quot;iso&quot;:&quot;0&quot;,&quot;shutter_speed&quot;:&quot;0&quot;,&quot;title&quot;:&quot;&quot;,&quot;orientation&quot;:&quot;0&quot;}\" data-image-title=\"IMG-20190625-WA0014\" data-image-description=\"\" data-image-caption=\"\" data-large-file=\"https:\/\/eldiariodesanpedro.com.ar\/sitio\/wp-content\/uploads\/2019\/06\/IMG-20190625-WA0014-614x1024.jpg\" data-src=\"https:\/\/eldiariodesanpedro.com.ar\/sitio\/wp-content\/uploads\/2019\/06\/IMG-20190625-WA0014-614x1024.jpg\" alt=\"\" data-id=\"55049\" data-link=\"https:\/\/eldiariodesanpedro.com.ar\/sitio\/img-20190625-wa0014\/\" class=\"wp-image-55049 lazyload\" data-srcset=\"https:\/\/eldiariodesanpedro.com.ar\/sitio\/wp-content\/uploads\/2019\/06\/IMG-20190625-WA0014-614x1024.jpg 614w, https:\/\/eldiariodesanpedro.com.ar\/sitio\/wp-content\/uploads\/2019\/06\/IMG-20190625-WA0014-180x300.jpg 180w, https:\/\/eldiariodesanpedro.com.ar\/sitio\/wp-content\/uploads\/2019\/06\/IMG-20190625-WA0014.jpg 768w\" data-sizes=\"(max-width: 614px) 100vw, 614px\" src=\"data:image\/svg+xml;base64,PHN2ZyB3aWR0aD0iMSIgaGVpZ2h0PSIxIiB4bWxucz0iaHR0cDovL3d3dy53My5vcmcvMjAwMC9zdmciPjwvc3ZnPg==\" style=\"--smush-placeholder-width: 614px; --smush-placeholder-aspect-ratio: 614\/1024;\" \/><\/figure><\/li><li class=\"blocks-gallery-item\"><figure><img decoding=\"async\" width=\"576\" height=\"1024\" data-attachment-id=\"55048\" data-permalink=\"https:\/\/eldiariodesanpedro.com.ar\/sitio\/img-20190625-wa0013\/\" data-orig-file=\"https:\/\/eldiariodesanpedro.com.ar\/sitio\/wp-content\/uploads\/2019\/06\/IMG-20190625-WA0013.jpg\" data-orig-size=\"581,1032\" data-comments-opened=\"1\" data-image-meta=\"{&quot;aperture&quot;:&quot;0&quot;,&quot;credit&quot;:&quot;&quot;,&quot;camera&quot;:&quot;&quot;,&quot;caption&quot;:&quot;&quot;,&quot;created_timestamp&quot;:&quot;0&quot;,&quot;copyright&quot;:&quot;&quot;,&quot;focal_length&quot;:&quot;0&quot;,&quot;iso&quot;:&quot;0&quot;,&quot;shutter_speed&quot;:&quot;0&quot;,&quot;title&quot;:&quot;&quot;,&quot;orientation&quot;:&quot;0&quot;}\" data-image-title=\"IMG-20190625-WA0013\" data-image-description=\"\" data-image-caption=\"\" data-large-file=\"https:\/\/eldiariodesanpedro.com.ar\/sitio\/wp-content\/uploads\/2019\/06\/IMG-20190625-WA0013-576x1024.jpg\" data-src=\"https:\/\/eldiariodesanpedro.com.ar\/sitio\/wp-content\/uploads\/2019\/06\/IMG-20190625-WA0013-576x1024.jpg\" alt=\"\" data-id=\"55048\" data-link=\"https:\/\/eldiariodesanpedro.com.ar\/sitio\/img-20190625-wa0013\/\" class=\"wp-image-55048 lazyload\" data-srcset=\"https:\/\/eldiariodesanpedro.com.ar\/sitio\/wp-content\/uploads\/2019\/06\/IMG-20190625-WA0013-576x1024.jpg 576w, https:\/\/eldiariodesanpedro.com.ar\/sitio\/wp-content\/uploads\/2019\/06\/IMG-20190625-WA0013-169x300.jpg 169w, https:\/\/eldiariodesanpedro.com.ar\/sitio\/wp-content\/uploads\/2019\/06\/IMG-20190625-WA0013.jpg 581w\" data-sizes=\"(max-width: 576px) 100vw, 576px\" src=\"data:image\/svg+xml;base64,PHN2ZyB3aWR0aD0iMSIgaGVpZ2h0PSIxIiB4bWxucz0iaHR0cDovL3d3dy53My5vcmcvMjAwMC9zdmciPjwvc3ZnPg==\" style=\"--smush-placeholder-width: 576px; --smush-placeholder-aspect-ratio: 576\/1024;\" \/><\/figure><\/li><li class=\"blocks-gallery-item\"><figure><img decoding=\"async\" width=\"1024\" height=\"576\" data-attachment-id=\"55046\" data-permalink=\"https:\/\/eldiariodesanpedro.com.ar\/sitio\/img-20190625-wa0008\/\" data-orig-file=\"https:\/\/eldiariodesanpedro.com.ar\/sitio\/wp-content\/uploads\/2019\/06\/IMG-20190625-WA0008.jpg\" data-orig-size=\"1032,581\" data-comments-opened=\"1\" data-image-meta=\"{&quot;aperture&quot;:&quot;0&quot;,&quot;credit&quot;:&quot;&quot;,&quot;camera&quot;:&quot;&quot;,&quot;caption&quot;:&quot;&quot;,&quot;created_timestamp&quot;:&quot;0&quot;,&quot;copyright&quot;:&quot;&quot;,&quot;focal_length&quot;:&quot;0&quot;,&quot;iso&quot;:&quot;0&quot;,&quot;shutter_speed&quot;:&quot;0&quot;,&quot;title&quot;:&quot;&quot;,&quot;orientation&quot;:&quot;0&quot;}\" data-image-title=\"IMG-20190625-WA0008\" data-image-description=\"\" data-image-caption=\"\" data-large-file=\"https:\/\/eldiariodesanpedro.com.ar\/sitio\/wp-content\/uploads\/2019\/06\/IMG-20190625-WA0008-1024x576.jpg\" data-src=\"https:\/\/eldiariodesanpedro.com.ar\/sitio\/wp-content\/uploads\/2019\/06\/IMG-20190625-WA0008-1024x576.jpg\" alt=\"\" data-id=\"55046\" data-link=\"https:\/\/eldiariodesanpedro.com.ar\/sitio\/img-20190625-wa0008\/\" class=\"wp-image-55046 lazyload\" data-srcset=\"https:\/\/eldiariodesanpedro.com.ar\/sitio\/wp-content\/uploads\/2019\/06\/IMG-20190625-WA0008-1024x576.jpg 1024w, https:\/\/eldiariodesanpedro.com.ar\/sitio\/wp-content\/uploads\/2019\/06\/IMG-20190625-WA0008-300x169.jpg 300w, https:\/\/eldiariodesanpedro.com.ar\/sitio\/wp-content\/uploads\/2019\/06\/IMG-20190625-WA0008-768x432.jpg 768w, https:\/\/eldiariodesanpedro.com.ar\/sitio\/wp-content\/uploads\/2019\/06\/IMG-20190625-WA0008.jpg 1032w\" data-sizes=\"(max-width: 1024px) 100vw, 1024px\" src=\"data:image\/svg+xml;base64,PHN2ZyB3aWR0aD0iMSIgaGVpZ2h0PSIxIiB4bWxucz0iaHR0cDovL3d3dy53My5vcmcvMjAwMC9zdmciPjwvc3ZnPg==\" style=\"--smush-placeholder-width: 1024px; --smush-placeholder-aspect-ratio: 1024\/576;\" \/><\/figure><\/li><\/ul>\n\n\n\n<p>Seg\u00fan el Incucai, la ley dispone que toda persona es donante salvo que haya expresado lo contrario.<\/p>\n\n\n\n<p>Mediante un decreto presidencial, publicado este lunes en el Bolet\u00edn Oficial, se reglament\u00f3 la Ley de Trasplante de \u00d3rganos, Tejidos y C\u00e9lulas. Fue impulsada por la familia de <a href=\"https:\/\/www.clarin.com\/sociedad\/tristeza-muerte-justina-nena-esperaba-corazon-movilizo-pais_0_rkEUCvQeM.html\">Justina Lo Cane, una nena de 12 a\u00f1os que muri\u00f3 esperando un coraz\u00f3n<\/a>. Y busca dar respuesta a los 10.255 argentinos que actualmente est\u00e1n en lista de espera para un trasplante. <\/p>\n\n\n\n<p>La ley N\u00b0 27.447 dispone que \u00abtoda persona capaz mayor de 18 a\u00f1os\u00bb es posible donante de \u00f3rganos o tejidos, salvo que haya dejado constancia expresa de lo contrario. Entonces, antes de hacer una ablaci\u00f3n, los m\u00e9dicos deber\u00e1n corroborar si el donante, en vida,\u00a0inform\u00f3 su negativa, algo que se puede hacer\u00a0a trav\u00e9s del\u00a0INCUCAI, el RENAPER, los Registros Civiles, los Organismos Provinciales de Ablaci\u00f3n e Implante, el Correo Oficial, o el perfil digital de Mi Argentina.<\/p>\n\n\n\n<p>Seg\u00fan la normativa, en caso de fallecimiento de menores de 18 a\u00f1os, \u00abla autorizaci\u00f3n para la obtenci\u00f3n de los \u00f3rganos y tejidos debe ser efectuada por ambos progenitores o por aquel que se encuentre presente, o el representante legal del menor\u00bb.<br><\/p>\n\n\n\n<p> <br>Voceros del INCUCAI detallan que \u00ablo deben cubrir todas las obras sociales y las prepagas\u00bb. Y agregan que, si una persona no tiene obra social o prepaga, es cubierto por el Estado,\u00a0como est\u00e1 estipulado por la Ley N\u00ba 26.928 de Protecci\u00f3n Integral para Personas Trasplantadas. <\/p>\n\n\n\n<p>  <br>La ley entr\u00f3 en vigencia el 4 de agosto de 2018.\u00a0Durante ese a\u00f1o , el INCUCAI realiz\u00f3 701 procesos de donaci\u00f3n y trasplant\u00f3 a 1.681 personas, lo que signific\u00f3 una marca hist\u00f3rica de donantes y trasplantes de \u00f3rganos en el pa\u00eds.<\/p>\n\n\n\n<p>Gracias al angel Justina, miles de  personas que actualmente se encuentran en lista de espera para recibir un trasplante en Argentina tienen m\u00e1s posibilidades de que se salven sus vidas. <br><\/p>\n","protected":false},"excerpt":{"rendered":"<p>Luego de su exitosa operaci\u00f3n, Oriana se recupera favorablemente de su segundo trasplante. La ni\u00f1a de 11\u00a0a\u00f1os estaba en lista de espera, y la necesidad de un nuevo coraz\u00f3n era urgente debido a su estado de salud. La chiquita naci\u00f3 con un problema cong\u00e9nito, lo que derivo a su primer trasplante cuando tenia un a\u00f1ito [&hellip;]<\/p>\n","protected":false},"author":4,"featured_media":54821,"comment_status":"open","ping_status":"closed","sticky":false,"template":"","format":"standard","meta":{"om_disable_all_campaigns":false,"_jetpack_memberships_contains_paid_content":false,"footnotes":""},"categories":[50,101,2],"tags":[],"class_list":["post-55044","post","type-post","status-publish","format-standard","has-post-thumbnail","hentry","category-destacadas","category-interes-general-locales","category-locales"],"aioseo_notices":[],"gutentor_comment":0,"jetpack_featured_media_url":"https:\/\/eldiariodesanpedro.com.ar\/sitio\/wp-content\/uploads\/2019\/06\/FB_IMG_1561043244544.jpg","jetpack_shortlink":"https:\/\/wp.me\/p6RhLt-ejO","jetpack_sharing_enabled":true,"_links":{"self":[{"href":"https:\/\/eldiariodesanpedro.com.ar\/sitio\/wp-json\/wp\/v2\/posts\/55044","targetHints":{"allow":["GET"]}}],"collection":[{"href":"https:\/\/eldiariodesanpedro.com.ar\/sitio\/wp-json\/wp\/v2\/posts"}],"about":[{"href":"https:\/\/eldiariodesanpedro.com.ar\/sitio\/wp-json\/wp\/v2\/types\/post"}],"author":[{"embeddable":true,"href":"https:\/\/eldiariodesanpedro.com.ar\/sitio\/wp-json\/wp\/v2\/users\/4"}],"replies":[{"embeddable":true,"href":"https:\/\/eldiariodesanpedro.com.ar\/sitio\/wp-json\/wp\/v2\/comments?post=55044"}],"version-history":[{"count":1,"href":"https:\/\/eldiariodesanpedro.com.ar\/sitio\/wp-json\/wp\/v2\/posts\/55044\/revisions"}],"predecessor-version":[{"id":55061,"href":"https:\/\/eldiariodesanpedro.com.ar\/sitio\/wp-json\/wp\/v2\/posts\/55044\/revisions\/55061"}],"wp:featuredmedia":[{"embeddable":true,"href":"https:\/\/eldiariodesanpedro.com.ar\/sitio\/wp-json\/wp\/v2\/media\/54821"}],"wp:attachment":[{"href":"https:\/\/eldiariodesanpedro.com.ar\/sitio\/wp-json\/wp\/v2\/media?parent=55044"}],"wp:term":[{"taxonomy":"category","embeddable":true,"href":"https:\/\/eldiariodesanpedro.com.ar\/sitio\/wp-json\/wp\/v2\/categories?post=55044"},{"taxonomy":"post_tag","embeddable":true,"href":"https:\/\/eldiariodesanpedro.com.ar\/sitio\/wp-json\/wp\/v2\/tags?post=55044"}],"curies":[{"name":"wp","href":"https:\/\/api.w.org\/{rel}","templated":true}]}}