{"id":55039,"date":"2019-06-24T18:35:03","date_gmt":"2019-06-24T21:35:03","guid":{"rendered":"https:\/\/eldiariodesanpedro.com.ar\/sitio\/?p=55039"},"modified":"2019-06-24T18:35:07","modified_gmt":"2019-06-24T21:35:07","slug":"allanamiento-negativo-mientras-se-sigan-comprando-las-cosas-robadas-no-se-van-a-obtener-buenos-resultados","status":"publish","type":"post","link":"https:\/\/eldiariodesanpedro.com.ar\/sitio\/allanamiento-negativo-mientras-se-sigan-comprando-las-cosas-robadas-no-se-van-a-obtener-buenos-resultados\/","title":{"rendered":"Allanamiento Negativo: Mientras se sigan comprando  las cosas robadas, no se van a obtener buenos resultados"},"content":{"rendered":"<!-- VideographyWP Plugin Message: Automatic video embedding prevented by plugin options. -->\n\n<p>Tras tareas investigativas el Personal del Gabinete Criminologico de Comisaria San Pedro en conjunto con Personal de Jefatura Departamental San Nicolas GAD, procedi\u00f3 a realizar  diligencias de allanamiento extendidas por la Justicia Ordinaria por un hecho de robo agravado ocurrido este sabado por la noche.<\/p>\n\n\n\n<p>La diligencia tuvo lugar en el barrio 2 de Abril obteniendo como resultado negativo.<\/p>\n\n\n\n<p>El hecho delictivo habr\u00eda ocurrido el sabado por la noche, en una vivienda ubicada en Sargento Selada del mismo barrio, donde delincuentes ingresan a la morada y sustraen todo lo que pudieron llevarse a su alcance, electrodom\u00e9sticos, vestimenta, garrafa, estufas, nebulizador, etc.<\/p>\n\n\n\n<p>La v\u00edctima radic\u00f3 la denuncia en la comisar\u00eda dejando constancia que los malvivientes serian \u00ablos mismo de siempre\u00bb, donde se inicia la investigaci\u00f3n.<\/p>\n\n\n\n<p>Por la tarde del lunes, se logra la diligencia extendida por la Justicia Ordinaria aunque arroj\u00f3 resultado negativo.<\/p>\n\n\n\n<p>Estefania ya hab\u00eda realizado un descargo a este medio donde cont\u00f3 que, \u00abel domingo me ofrecieron mi televisor y la estufa electrica, les di plata\u00bb.<\/p>\n\n\n\n<p>La gran cantidad de robos contra viviendas que se producen actualmente en nuestra ciudad, con el desvalijamiento de estas y la sustracci\u00f3n de una cantidad impresionante de bienes por parte de los delincuentes, depara adem\u00e1s otra situaci\u00f3n antisocial: la compra y venta de los elementos robados. <\/p>\n\n\n\n<p>As\u00ed, las autoridades creen, y la sociedad en su conjunto observa claramente, que muchos de los bienes que son sustra\u00eddos de las viviendas atacadas por los ladrones son luego comercializados entre la propia comunidad. <\/p>\n\n\n\n<p> En su gran mayor\u00eda, quienes compran cosas robadas saben o intuyen que eso es as\u00ed por las caracter\u00edsticas de la transacci\u00f3n (precio, falta de documentaci\u00f3n, etc.).<\/p>\n\n\n\n<p>Ante ello, ese tipo de conductas no solo determinan una eventual participaci\u00f3n en un delito \u2013de hecho, quien compra algo robado es considerado c\u00f3mplice- sino que, adem\u00e1s, son una clara muestra de desprecio por el pr\u00f3jimo y por la idea de comunidad organizada. <\/p>\n\n\n\n<p>Como si ello fuera poco, quienes hoy compran un elemento sustra\u00eddo ilegalmente deber\u00edan saber que el d\u00eda de ma\u00f1ana tambi\u00e9n podr\u00edan convertirse en v\u00edctimas de los ladrones. <\/p>\n\n\n\n<ul class=\"wp-block-gallery columns-3 is-cropped wp-block-gallery-1 is-layout-flex wp-block-gallery-is-layout-flex\"><li class=\"blocks-gallery-item\"><figure><img decoding=\"async\" data-attachment-id=\"55038\" data-permalink=\"https:\/\/eldiariodesanpedro.com.ar\/sitio\/20190624_170114\/\" data-orig-file=\"https:\/\/eldiariodesanpedro.com.ar\/sitio\/wp-content\/uploads\/2019\/06\/20190624_170114-e1561412025191.jpg\" data-orig-size=\"3336,1774\" data-comments-opened=\"1\" data-image-meta=\"{&quot;aperture&quot;:&quot;1.7&quot;,&quot;credit&quot;:&quot;&quot;,&quot;camera&quot;:&quot;SM-N950F&quot;,&quot;caption&quot;:&quot;&quot;,&quot;created_timestamp&quot;:&quot;1561395674&quot;,&quot;copyright&quot;:&quot;&quot;,&quot;focal_length&quot;:&quot;4.3&quot;,&quot;iso&quot;:&quot;64&quot;,&quot;shutter_speed&quot;:&quot;0.01&quot;,&quot;title&quot;:&quot;&quot;,&quot;orientation&quot;:&quot;1&quot;}\" data-image-title=\"20190624_170114\" data-image-description=\"\" data-image-caption=\"\" data-large-file=\"https:\/\/eldiariodesanpedro.com.ar\/sitio\/wp-content\/uploads\/2019\/06\/20190624_170114-e1561412025191-1024x545.jpg\" data-src=\"https:\/\/eldiariodesanpedro.com.ar\/sitio\/wp-content\/uploads\/2019\/06\/20190624_170114-1024x498.jpg\" alt=\"\" data-id=\"55038\" data-link=\"https:\/\/eldiariodesanpedro.com.ar\/sitio\/20190624_170114\/\" class=\"wp-image-55038 lazyload\" src=\"data:image\/svg+xml;base64,PHN2ZyB3aWR0aD0iMSIgaGVpZ2h0PSIxIiB4bWxucz0iaHR0cDovL3d3dy53My5vcmcvMjAwMC9zdmciPjwvc3ZnPg==\" style=\"--smush-placeholder-width: 1024px; --smush-placeholder-aspect-ratio: 1024\/498;\" \/><\/figure><\/li><li class=\"blocks-gallery-item\"><figure><img decoding=\"async\" width=\"1024\" height=\"498\" data-attachment-id=\"55037\" data-permalink=\"https:\/\/eldiariodesanpedro.com.ar\/sitio\/20190624_170116\/\" data-orig-file=\"https:\/\/eldiariodesanpedro.com.ar\/sitio\/wp-content\/uploads\/2019\/06\/20190624_170116.jpg\" data-orig-size=\"4032,1960\" data-comments-opened=\"1\" data-image-meta=\"{&quot;aperture&quot;:&quot;1.7&quot;,&quot;credit&quot;:&quot;&quot;,&quot;camera&quot;:&quot;SM-N950F&quot;,&quot;caption&quot;:&quot;&quot;,&quot;created_timestamp&quot;:&quot;1561395676&quot;,&quot;copyright&quot;:&quot;&quot;,&quot;focal_length&quot;:&quot;4.3&quot;,&quot;iso&quot;:&quot;80&quot;,&quot;shutter_speed&quot;:&quot;0.01&quot;,&quot;title&quot;:&quot;&quot;,&quot;orientation&quot;:&quot;1&quot;}\" data-image-title=\"20190624_170116\" data-image-description=\"\" data-image-caption=\"\" data-large-file=\"https:\/\/eldiariodesanpedro.com.ar\/sitio\/wp-content\/uploads\/2019\/06\/20190624_170116-1024x498.jpg\" data-src=\"https:\/\/eldiariodesanpedro.com.ar\/sitio\/wp-content\/uploads\/2019\/06\/20190624_170116-1024x498.jpg\" alt=\"\" data-id=\"55037\" data-link=\"https:\/\/eldiariodesanpedro.com.ar\/sitio\/20190624_170116\/\" class=\"wp-image-55037 lazyload\" data-srcset=\"https:\/\/eldiariodesanpedro.com.ar\/sitio\/wp-content\/uploads\/2019\/06\/20190624_170116-1024x498.jpg 1024w, https:\/\/eldiariodesanpedro.com.ar\/sitio\/wp-content\/uploads\/2019\/06\/20190624_170116-300x146.jpg 300w, https:\/\/eldiariodesanpedro.com.ar\/sitio\/wp-content\/uploads\/2019\/06\/20190624_170116-768x373.jpg 768w\" data-sizes=\"(max-width: 1024px) 100vw, 1024px\" src=\"data:image\/svg+xml;base64,PHN2ZyB3aWR0aD0iMSIgaGVpZ2h0PSIxIiB4bWxucz0iaHR0cDovL3d3dy53My5vcmcvMjAwMC9zdmciPjwvc3ZnPg==\" style=\"--smush-placeholder-width: 1024px; --smush-placeholder-aspect-ratio: 1024\/498;\" \/><\/figure><\/li><li class=\"blocks-gallery-item\"><figure><img decoding=\"async\" width=\"1024\" height=\"498\" data-attachment-id=\"55036\" data-permalink=\"https:\/\/eldiariodesanpedro.com.ar\/sitio\/20190624_170131\/\" data-orig-file=\"https:\/\/eldiariodesanpedro.com.ar\/sitio\/wp-content\/uploads\/2019\/06\/20190624_170131.jpg\" data-orig-size=\"4032,1960\" data-comments-opened=\"1\" data-image-meta=\"{&quot;aperture&quot;:&quot;1.7&quot;,&quot;credit&quot;:&quot;&quot;,&quot;camera&quot;:&quot;SM-N950F&quot;,&quot;caption&quot;:&quot;&quot;,&quot;created_timestamp&quot;:&quot;1561395691&quot;,&quot;copyright&quot;:&quot;&quot;,&quot;focal_length&quot;:&quot;4.3&quot;,&quot;iso&quot;:&quot;100&quot;,&quot;shutter_speed&quot;:&quot;0.016666666666667&quot;,&quot;title&quot;:&quot;&quot;,&quot;orientation&quot;:&quot;1&quot;}\" data-image-title=\"20190624_170131\" data-image-description=\"\" data-image-caption=\"\" data-large-file=\"https:\/\/eldiariodesanpedro.com.ar\/sitio\/wp-content\/uploads\/2019\/06\/20190624_170131-1024x498.jpg\" data-src=\"https:\/\/eldiariodesanpedro.com.ar\/sitio\/wp-content\/uploads\/2019\/06\/20190624_170131-1024x498.jpg\" alt=\"\" data-id=\"55036\" data-link=\"https:\/\/eldiariodesanpedro.com.ar\/sitio\/20190624_170131\/\" class=\"wp-image-55036 lazyload\" data-srcset=\"https:\/\/eldiariodesanpedro.com.ar\/sitio\/wp-content\/uploads\/2019\/06\/20190624_170131-1024x498.jpg 1024w, https:\/\/eldiariodesanpedro.com.ar\/sitio\/wp-content\/uploads\/2019\/06\/20190624_170131-300x146.jpg 300w, https:\/\/eldiariodesanpedro.com.ar\/sitio\/wp-content\/uploads\/2019\/06\/20190624_170131-768x373.jpg 768w\" data-sizes=\"(max-width: 1024px) 100vw, 1024px\" src=\"data:image\/svg+xml;base64,PHN2ZyB3aWR0aD0iMSIgaGVpZ2h0PSIxIiB4bWxucz0iaHR0cDovL3d3dy53My5vcmcvMjAwMC9zdmciPjwvc3ZnPg==\" style=\"--smush-placeholder-width: 1024px; --smush-placeholder-aspect-ratio: 1024\/498;\" \/><\/figure><\/li><li class=\"blocks-gallery-item\"><figure><img decoding=\"async\" width=\"1024\" height=\"498\" data-attachment-id=\"55034\" data-permalink=\"https:\/\/eldiariodesanpedro.com.ar\/sitio\/20190624_170129\/\" data-orig-file=\"https:\/\/eldiariodesanpedro.com.ar\/sitio\/wp-content\/uploads\/2019\/06\/20190624_170129.jpg\" data-orig-size=\"4032,1960\" data-comments-opened=\"1\" data-image-meta=\"{&quot;aperture&quot;:&quot;1.7&quot;,&quot;credit&quot;:&quot;&quot;,&quot;camera&quot;:&quot;SM-N950F&quot;,&quot;caption&quot;:&quot;&quot;,&quot;created_timestamp&quot;:&quot;1561395689&quot;,&quot;copyright&quot;:&quot;&quot;,&quot;focal_length&quot;:&quot;4.3&quot;,&quot;iso&quot;:&quot;100&quot;,&quot;shutter_speed&quot;:&quot;0.016666666666667&quot;,&quot;title&quot;:&quot;&quot;,&quot;orientation&quot;:&quot;1&quot;}\" data-image-title=\"20190624_170129\" data-image-description=\"\" data-image-caption=\"\" data-large-file=\"https:\/\/eldiariodesanpedro.com.ar\/sitio\/wp-content\/uploads\/2019\/06\/20190624_170129-1024x498.jpg\" data-src=\"https:\/\/eldiariodesanpedro.com.ar\/sitio\/wp-content\/uploads\/2019\/06\/20190624_170129-1024x498.jpg\" alt=\"\" data-id=\"55034\" data-link=\"https:\/\/eldiariodesanpedro.com.ar\/sitio\/20190624_170129\/\" class=\"wp-image-55034 lazyload\" data-srcset=\"https:\/\/eldiariodesanpedro.com.ar\/sitio\/wp-content\/uploads\/2019\/06\/20190624_170129-1024x498.jpg 1024w, https:\/\/eldiariodesanpedro.com.ar\/sitio\/wp-content\/uploads\/2019\/06\/20190624_170129-300x146.jpg 300w, https:\/\/eldiariodesanpedro.com.ar\/sitio\/wp-content\/uploads\/2019\/06\/20190624_170129-768x373.jpg 768w\" data-sizes=\"(max-width: 1024px) 100vw, 1024px\" src=\"data:image\/svg+xml;base64,PHN2ZyB3aWR0aD0iMSIgaGVpZ2h0PSIxIiB4bWxucz0iaHR0cDovL3d3dy53My5vcmcvMjAwMC9zdmciPjwvc3ZnPg==\" style=\"--smush-placeholder-width: 1024px; --smush-placeholder-aspect-ratio: 1024\/498;\" \/><\/figure><\/li><li class=\"blocks-gallery-item\"><figure><img decoding=\"async\" width=\"1024\" height=\"498\" data-attachment-id=\"55035\" data-permalink=\"https:\/\/eldiariodesanpedro.com.ar\/sitio\/20190624_170156\/\" data-orig-file=\"https:\/\/eldiariodesanpedro.com.ar\/sitio\/wp-content\/uploads\/2019\/06\/20190624_170156.jpg\" data-orig-size=\"4032,1960\" data-comments-opened=\"1\" data-image-meta=\"{&quot;aperture&quot;:&quot;1.7&quot;,&quot;credit&quot;:&quot;&quot;,&quot;camera&quot;:&quot;SM-N950F&quot;,&quot;caption&quot;:&quot;&quot;,&quot;created_timestamp&quot;:&quot;1561395716&quot;,&quot;copyright&quot;:&quot;&quot;,&quot;focal_length&quot;:&quot;4.3&quot;,&quot;iso&quot;:&quot;80&quot;,&quot;shutter_speed&quot;:&quot;0.01&quot;,&quot;title&quot;:&quot;&quot;,&quot;orientation&quot;:&quot;1&quot;}\" data-image-title=\"20190624_170156\" data-image-description=\"\" data-image-caption=\"\" data-large-file=\"https:\/\/eldiariodesanpedro.com.ar\/sitio\/wp-content\/uploads\/2019\/06\/20190624_170156-1024x498.jpg\" data-src=\"https:\/\/eldiariodesanpedro.com.ar\/sitio\/wp-content\/uploads\/2019\/06\/20190624_170156-1024x498.jpg\" alt=\"\" data-id=\"55035\" data-link=\"https:\/\/eldiariodesanpedro.com.ar\/sitio\/20190624_170156\/\" class=\"wp-image-55035 lazyload\" data-srcset=\"https:\/\/eldiariodesanpedro.com.ar\/sitio\/wp-content\/uploads\/2019\/06\/20190624_170156-1024x498.jpg 1024w, https:\/\/eldiariodesanpedro.com.ar\/sitio\/wp-content\/uploads\/2019\/06\/20190624_170156-300x146.jpg 300w, https:\/\/eldiariodesanpedro.com.ar\/sitio\/wp-content\/uploads\/2019\/06\/20190624_170156-768x373.jpg 768w\" data-sizes=\"(max-width: 1024px) 100vw, 1024px\" src=\"data:image\/svg+xml;base64,PHN2ZyB3aWR0aD0iMSIgaGVpZ2h0PSIxIiB4bWxucz0iaHR0cDovL3d3dy53My5vcmcvMjAwMC9zdmciPjwvc3ZnPg==\" style=\"--smush-placeholder-width: 1024px; --smush-placeholder-aspect-ratio: 1024\/498;\" \/><\/figure><\/li><\/ul>\n\n\n\n<p><br><\/p>\n","protected":false},"excerpt":{"rendered":"<p>Tras tareas investigativas el Personal del Gabinete Criminologico de Comisaria San Pedro en conjunto con Personal de Jefatura Departamental San Nicolas GAD, procedi\u00f3 a realizar diligencias de allanamiento extendidas por la Justicia Ordinaria por un hecho de robo agravado ocurrido este sabado por la noche. La diligencia tuvo lugar en el barrio 2 de Abril [&hellip;]<\/p>\n","protected":false},"author":4,"featured_media":55035,"comment_status":"open","ping_status":"closed","sticky":false,"template":"","format":"standard","meta":{"om_disable_all_campaigns":false,"_jetpack_memberships_contains_paid_content":false,"footnotes":""},"categories":[50,2,103],"tags":[],"class_list":["post-55039","post","type-post","status-publish","format-standard","has-post-thumbnail","hentry","category-destacadas","category-locales","category-policiales-locales"],"aioseo_notices":[],"gutentor_comment":0,"jetpack_featured_media_url":"https:\/\/eldiariodesanpedro.com.ar\/sitio\/wp-content\/uploads\/2019\/06\/20190624_170156.jpg","jetpack_shortlink":"https:\/\/wp.me\/p6RhLt-ejJ","jetpack_sharing_enabled":true,"_links":{"self":[{"href":"https:\/\/eldiariodesanpedro.com.ar\/sitio\/wp-json\/wp\/v2\/posts\/55039","targetHints":{"allow":["GET"]}}],"collection":[{"href":"https:\/\/eldiariodesanpedro.com.ar\/sitio\/wp-json\/wp\/v2\/posts"}],"about":[{"href":"https:\/\/eldiariodesanpedro.com.ar\/sitio\/wp-json\/wp\/v2\/types\/post"}],"author":[{"embeddable":true,"href":"https:\/\/eldiariodesanpedro.com.ar\/sitio\/wp-json\/wp\/v2\/users\/4"}],"replies":[{"embeddable":true,"href":"https:\/\/eldiariodesanpedro.com.ar\/sitio\/wp-json\/wp\/v2\/comments?post=55039"}],"version-history":[{"count":1,"href":"https:\/\/eldiariodesanpedro.com.ar\/sitio\/wp-json\/wp\/v2\/posts\/55039\/revisions"}],"predecessor-version":[{"id":55040,"href":"https:\/\/eldiariodesanpedro.com.ar\/sitio\/wp-json\/wp\/v2\/posts\/55039\/revisions\/55040"}],"wp:featuredmedia":[{"embeddable":true,"href":"https:\/\/eldiariodesanpedro.com.ar\/sitio\/wp-json\/wp\/v2\/media\/55035"}],"wp:attachment":[{"href":"https:\/\/eldiariodesanpedro.com.ar\/sitio\/wp-json\/wp\/v2\/media?parent=55039"}],"wp:term":[{"taxonomy":"category","embeddable":true,"href":"https:\/\/eldiariodesanpedro.com.ar\/sitio\/wp-json\/wp\/v2\/categories?post=55039"},{"taxonomy":"post_tag","embeddable":true,"href":"https:\/\/eldiariodesanpedro.com.ar\/sitio\/wp-json\/wp\/v2\/tags?post=55039"}],"curies":[{"name":"wp","href":"https:\/\/api.w.org\/{rel}","templated":true}]}}