{"id":55022,"date":"2019-06-24T15:54:47","date_gmt":"2019-06-24T18:54:47","guid":{"rendered":"https:\/\/eldiariodesanpedro.com.ar\/sitio\/?p=55022"},"modified":"2019-06-24T15:55:20","modified_gmt":"2019-06-24T18:55:20","slug":"rojas-buscan-a-una-mujer-que-se-habria-ido-con-su-beba-dejando-a-sus-otros-cuatro-hijos","status":"publish","type":"post","link":"https:\/\/eldiariodesanpedro.com.ar\/sitio\/rojas-buscan-a-una-mujer-que-se-habria-ido-con-su-beba-dejando-a-sus-otros-cuatro-hijos\/","title":{"rendered":"ROJAS: Buscan a una mujer que se habr\u00eda ido con su beba, dejando a sus otros cuatro hijos"},"content":{"rendered":"<!-- VideographyWP Plugin Message: Automatic video embedding prevented by plugin options. -->\n\n<p>\n\nLos familiares del padre de la menor se comunicaron con nuestro medio, manifestando que en el curso de la ma\u00f1ana de este domingo 23 de junio realizaron una denuncia en la Comisar\u00eda de la Mujer.<\/p>\n\n\n\n<p>Reproducimos la publicaci\u00f3n de la t\u00eda de la beba en las redes sociales:<br>Josefina Torres est\u00e1 con Agust\u00edn Kikito Torres y Felicitas Torres.\u00a0 -22 de junio de 2019-<br>\u00a1Necesito de su ayuda! Estamos buscando a VANESA LUCIANA PONCE. Se fue de Rojas el jueves 20 (junio) llev\u00e1ndose (sin la autorizaci\u00f3n del padre) a mi sobrina Carmela de un a\u00f1o y medio y dejando a sus otros 4 hijos. Seg\u00fan ella, se fue a la ciudad de Jun\u00edn pero NADIE sabe nada. Esta nueva pareja es de Lincoln o Roberts, por eso creemos que puedan estar por ah\u00ed. Estamos bloqueados del tel\u00e9fono y de las redes sociales. Sabemos que est\u00e1 con su nueva pareja. Mi hermano, pudo contactarse con ella dos\/tres veces y cuando exige la direcci\u00f3n para poder ver a su hija ella le corta. \u00a1ESTAMOS DESESPERADOS!<br>POR FAVOR, les pido que compartan esta publicaci\u00f3n, tal vez ella la vea y logre aparecer nuevamente o si tienen alg\u00fan dato de d\u00f3nde est\u00e1n me avisen&#8230; Por mi sobrina y por sus otros hijos. (Menores de edad).<br>\u00a1Muchas gracias!<\/p>\n\n\n\n<p>Comunicaci\u00f3n de Josefina Torres con RojasCiudad:<br>23-5-2019 \u2013 hora 01,11- Hola a qui\u00e9n lea!? Quer\u00eda saber si me pueden ayudar! Desde el jueves 20 estamos buscando a mi sobrina. La mam\u00e1 se la llevo sin autorizaci\u00f3n del padre (mi hermano) y no sabemos nada. Solo sabemos que est\u00e1 \u201cbien\u201d pero no sabemos en d\u00f3nde.\u00a0 yo en mi perfil hice una publicaci\u00f3n! Me podr\u00edan Ayudar a compartirla? Ustedes tienen m\u00e1s audiencia y seguro llegan a m\u00e1s personas.<br>23-6-2019 \u2013 hora 11,02 &#8211; Reci\u00e9n terminamos de hacer la denuncia en la Comisar\u00eda de la Mujer.<br>A\u00fan seguimos sin noticias de la menor.<\/p>\n\n\n\n<p>Fuente: Rojas Ciudad <\/p>\n","protected":false},"excerpt":{"rendered":"<p>Los familiares del padre de la menor se comunicaron con nuestro medio, manifestando que en el curso de la ma\u00f1ana de este domingo 23 de junio realizaron una denuncia en la Comisar\u00eda de la Mujer. Reproducimos la publicaci\u00f3n de la t\u00eda de la beba en las redes sociales:Josefina Torres est\u00e1 con Agust\u00edn Kikito Torres y [&hellip;]<\/p>\n","protected":false},"author":4,"featured_media":55023,"comment_status":"open","ping_status":"closed","sticky":false,"template":"","format":"standard","meta":{"om_disable_all_campaigns":false,"_jetpack_memberships_contains_paid_content":false,"footnotes":""},"categories":[621],"tags":[],"class_list":["post-55022","post","type-post","status-publish","format-standard","has-post-thumbnail","hentry","category-regionales"],"aioseo_notices":[],"gutentor_comment":0,"jetpack_featured_media_url":"https:\/\/eldiariodesanpedro.com.ar\/sitio\/wp-content\/uploads\/2019\/06\/bbx_868792055_1_bebe.jpg","jetpack_shortlink":"https:\/\/wp.me\/p6RhLt-ejs","jetpack_sharing_enabled":true,"_links":{"self":[{"href":"https:\/\/eldiariodesanpedro.com.ar\/sitio\/wp-json\/wp\/v2\/posts\/55022","targetHints":{"allow":["GET"]}}],"collection":[{"href":"https:\/\/eldiariodesanpedro.com.ar\/sitio\/wp-json\/wp\/v2\/posts"}],"about":[{"href":"https:\/\/eldiariodesanpedro.com.ar\/sitio\/wp-json\/wp\/v2\/types\/post"}],"author":[{"embeddable":true,"href":"https:\/\/eldiariodesanpedro.com.ar\/sitio\/wp-json\/wp\/v2\/users\/4"}],"replies":[{"embeddable":true,"href":"https:\/\/eldiariodesanpedro.com.ar\/sitio\/wp-json\/wp\/v2\/comments?post=55022"}],"version-history":[{"count":2,"href":"https:\/\/eldiariodesanpedro.com.ar\/sitio\/wp-json\/wp\/v2\/posts\/55022\/revisions"}],"predecessor-version":[{"id":55025,"href":"https:\/\/eldiariodesanpedro.com.ar\/sitio\/wp-json\/wp\/v2\/posts\/55022\/revisions\/55025"}],"wp:featuredmedia":[{"embeddable":true,"href":"https:\/\/eldiariodesanpedro.com.ar\/sitio\/wp-json\/wp\/v2\/media\/55023"}],"wp:attachment":[{"href":"https:\/\/eldiariodesanpedro.com.ar\/sitio\/wp-json\/wp\/v2\/media?parent=55022"}],"wp:term":[{"taxonomy":"category","embeddable":true,"href":"https:\/\/eldiariodesanpedro.com.ar\/sitio\/wp-json\/wp\/v2\/categories?post=55022"},{"taxonomy":"post_tag","embeddable":true,"href":"https:\/\/eldiariodesanpedro.com.ar\/sitio\/wp-json\/wp\/v2\/tags?post=55022"}],"curies":[{"name":"wp","href":"https:\/\/api.w.org\/{rel}","templated":true}]}}