{"id":55019,"date":"2019-06-24T15:51:51","date_gmt":"2019-06-24T18:51:51","guid":{"rendered":"https:\/\/eldiariodesanpedro.com.ar\/sitio\/?p=55019"},"modified":"2019-06-24T15:51:56","modified_gmt":"2019-06-24T18:51:56","slug":"campana-un-hombre-intento-degollar-a-una-mujer-por-celos-en-una-fiesta-de-barrio","status":"publish","type":"post","link":"https:\/\/eldiariodesanpedro.com.ar\/sitio\/campana-un-hombre-intento-degollar-a-una-mujer-por-celos-en-una-fiesta-de-barrio\/","title":{"rendered":"CAMPANA: Un hombre intent\u00f3 degollar a una mujer por celos en una fiesta de barrio"},"content":{"rendered":"<!-- VideographyWP Plugin Message: Automatic video embedding prevented by plugin options. -->\n\n<p>\n\nFue esta tarde en la sociedad de Fomento del Barrio Albizola luego de que un sujeto mayor de edad se aproximara hasta donde estaba sentada una mujer, con la que tendr\u00eda una relaci\u00f3n; y la tomara del pelo como para degollarla.<\/p>\n\n\n\n<p>El hombre quiso cortarle el cuello con un chuchillo pero en un movimiento r\u00e1pido por parte de la&nbsp; v\u00edctima solo logr\u00f3 cortarle la cara. Al parecer el hombre habr\u00eda tenido una actitud violenta por despecho ya que habr\u00eda notado que la mujer sal\u00eda con otra persona. En primer momento se hab\u00eda dado la versi\u00f3n de que lo hizo porque \u201cno quiso bailar con \u00e9l\u201d, pero dicha declaraci\u00f3n fue descartada de inmediato.<\/p>\n\n\n\n<p>El atacante, con vestimenta gaucha,&nbsp; fue aprehendido por personal policial del Comando de Patrulla luego de que alguien llamara al 911. De inmediato fue trasladado al nosocomio local para un precario m\u00e9dico y luego puesto a disposici\u00f3n de la justicia.<\/p>\n\n\n\n<p>La mujer fue trasladada para ser atendida de urgencia al HMSJ por personal del SAME n\u00famero 2 con un corte profundo en la cara.<\/p>\n\n\n\n<p>Fuente: Campana Argentina <\/p>\n","protected":false},"excerpt":{"rendered":"<p>Fue esta tarde en la sociedad de Fomento del Barrio Albizola luego de que un sujeto mayor de edad se aproximara hasta donde estaba sentada una mujer, con la que tendr\u00eda una relaci\u00f3n; y la tomara del pelo como para degollarla. El hombre quiso cortarle el cuello con un chuchillo pero en un movimiento r\u00e1pido [&hellip;]<\/p>\n","protected":false},"author":4,"featured_media":55020,"comment_status":"open","ping_status":"closed","sticky":false,"template":"","format":"standard","meta":{"om_disable_all_campaigns":false,"_jetpack_memberships_contains_paid_content":false,"footnotes":""},"categories":[621],"tags":[],"class_list":["post-55019","post","type-post","status-publish","format-standard","has-post-thumbnail","hentry","category-regionales"],"aioseo_notices":[],"gutentor_comment":0,"jetpack_featured_media_url":"https:\/\/eldiariodesanpedro.com.ar\/sitio\/wp-content\/uploads\/2019\/06\/cha_4095.jpg","jetpack_shortlink":"https:\/\/wp.me\/p6RhLt-ejp","jetpack_sharing_enabled":true,"_links":{"self":[{"href":"https:\/\/eldiariodesanpedro.com.ar\/sitio\/wp-json\/wp\/v2\/posts\/55019","targetHints":{"allow":["GET"]}}],"collection":[{"href":"https:\/\/eldiariodesanpedro.com.ar\/sitio\/wp-json\/wp\/v2\/posts"}],"about":[{"href":"https:\/\/eldiariodesanpedro.com.ar\/sitio\/wp-json\/wp\/v2\/types\/post"}],"author":[{"embeddable":true,"href":"https:\/\/eldiariodesanpedro.com.ar\/sitio\/wp-json\/wp\/v2\/users\/4"}],"replies":[{"embeddable":true,"href":"https:\/\/eldiariodesanpedro.com.ar\/sitio\/wp-json\/wp\/v2\/comments?post=55019"}],"version-history":[{"count":1,"href":"https:\/\/eldiariodesanpedro.com.ar\/sitio\/wp-json\/wp\/v2\/posts\/55019\/revisions"}],"predecessor-version":[{"id":55021,"href":"https:\/\/eldiariodesanpedro.com.ar\/sitio\/wp-json\/wp\/v2\/posts\/55019\/revisions\/55021"}],"wp:featuredmedia":[{"embeddable":true,"href":"https:\/\/eldiariodesanpedro.com.ar\/sitio\/wp-json\/wp\/v2\/media\/55020"}],"wp:attachment":[{"href":"https:\/\/eldiariodesanpedro.com.ar\/sitio\/wp-json\/wp\/v2\/media?parent=55019"}],"wp:term":[{"taxonomy":"category","embeddable":true,"href":"https:\/\/eldiariodesanpedro.com.ar\/sitio\/wp-json\/wp\/v2\/categories?post=55019"},{"taxonomy":"post_tag","embeddable":true,"href":"https:\/\/eldiariodesanpedro.com.ar\/sitio\/wp-json\/wp\/v2\/tags?post=55019"}],"curies":[{"name":"wp","href":"https:\/\/api.w.org\/{rel}","templated":true}]}}