{"id":55016,"date":"2019-06-24T15:42:55","date_gmt":"2019-06-24T18:42:55","guid":{"rendered":"https:\/\/eldiariodesanpedro.com.ar\/sitio\/?p=55016"},"modified":"2019-06-24T15:43:00","modified_gmt":"2019-06-24T18:43:00","slug":"baradero-asi-quedo-conformada-la-lista-de-precandidatos-de-juntos-por-un-cambio","status":"publish","type":"post","link":"https:\/\/eldiariodesanpedro.com.ar\/sitio\/baradero-asi-quedo-conformada-la-lista-de-precandidatos-de-juntos-por-un-cambio\/","title":{"rendered":"BARADERO: As\u00ed qued\u00f3 conformada la lista de precandidatos de Juntos por un Cambio."},"content":{"rendered":"<!-- VideographyWP Plugin Message: Automatic video embedding prevented by plugin options. -->\n\n<p>El frente<strong>&nbsp;\u201cJuntos por el Cambio\u201d<\/strong>&nbsp;que lleva a Mauricio Macri y Miguel \u00c1ngel Pichetto como f\u00f3rmula ya&nbsp;despej\u00f3 los nombres de los cargos a ocupar para las pr\u00f3ximas elecciones en nuestra ciudad y la propuesta es la siguiente:<\/p>\n\n\n\n<p><strong>PRECANDIDATO A INTENDENTE DE LA CIUDAD DE BARADERO:<\/strong>&nbsp;Fernanda Antonijevic<\/p>\n\n\n\n<p><strong>Concejales titulares:<\/strong><br>Mart\u00edn Genoud<br>Ver\u00f3nica Mira,<br>Claudio Maroli,<br>Mar\u00eda Laura Liaudat,<br>Marcelo Daubi\u00e1n,<br>Dra. Virginia Santinelli,<br>Jos\u00e9 Serpi<br>M\u00f3nica Belli.<br><br><strong>Concejales Suplentes:<\/strong><br>Miguel R\u00f3tela,<br>Nerina Melchiori,<br>Enrique Dulbecco,<br>Carla Pontalti,<br>Felipe Preis<br><br><strong>Consejeros Escolares:<\/strong><br>Adriana Marchesani,<br>Gast\u00f3n Mutante<br>Mariela Zingale.<br><br><strong>Consejeros Escolares Suplentes:<\/strong><br>Nicolas Panzero<br>Marisu Lateana<br>Enrique Aguilar<\/p>\n","protected":false},"excerpt":{"rendered":"<p>El frente&nbsp;\u201cJuntos por el Cambio\u201d&nbsp;que lleva a Mauricio Macri y Miguel \u00c1ngel Pichetto como f\u00f3rmula ya&nbsp;despej\u00f3 los nombres de los cargos a ocupar para las pr\u00f3ximas elecciones en nuestra ciudad y la propuesta es la siguiente: PRECANDIDATO A INTENDENTE DE LA CIUDAD DE BARADERO:&nbsp;Fernanda Antonijevic Concejales titulares:Mart\u00edn GenoudVer\u00f3nica Mira,Claudio Maroli,Mar\u00eda Laura Liaudat,Marcelo Daubi\u00e1n,Dra. Virginia Santinelli,Jos\u00e9 [&hellip;]<\/p>\n","protected":false},"author":4,"featured_media":55017,"comment_status":"open","ping_status":"closed","sticky":false,"template":"","format":"standard","meta":{"om_disable_all_campaigns":false,"_jetpack_memberships_contains_paid_content":false,"footnotes":""},"categories":[621],"tags":[],"class_list":["post-55016","post","type-post","status-publish","format-standard","has-post-thumbnail","hentry","category-regionales"],"aioseo_notices":[],"gutentor_comment":0,"jetpack_featured_media_url":"https:\/\/eldiariodesanpedro.com.ar\/sitio\/wp-content\/uploads\/2019\/06\/Fernanda-640x480.jpg","jetpack_shortlink":"https:\/\/wp.me\/p6RhLt-ejm","jetpack_sharing_enabled":true,"_links":{"self":[{"href":"https:\/\/eldiariodesanpedro.com.ar\/sitio\/wp-json\/wp\/v2\/posts\/55016","targetHints":{"allow":["GET"]}}],"collection":[{"href":"https:\/\/eldiariodesanpedro.com.ar\/sitio\/wp-json\/wp\/v2\/posts"}],"about":[{"href":"https:\/\/eldiariodesanpedro.com.ar\/sitio\/wp-json\/wp\/v2\/types\/post"}],"author":[{"embeddable":true,"href":"https:\/\/eldiariodesanpedro.com.ar\/sitio\/wp-json\/wp\/v2\/users\/4"}],"replies":[{"embeddable":true,"href":"https:\/\/eldiariodesanpedro.com.ar\/sitio\/wp-json\/wp\/v2\/comments?post=55016"}],"version-history":[{"count":1,"href":"https:\/\/eldiariodesanpedro.com.ar\/sitio\/wp-json\/wp\/v2\/posts\/55016\/revisions"}],"predecessor-version":[{"id":55018,"href":"https:\/\/eldiariodesanpedro.com.ar\/sitio\/wp-json\/wp\/v2\/posts\/55016\/revisions\/55018"}],"wp:featuredmedia":[{"embeddable":true,"href":"https:\/\/eldiariodesanpedro.com.ar\/sitio\/wp-json\/wp\/v2\/media\/55017"}],"wp:attachment":[{"href":"https:\/\/eldiariodesanpedro.com.ar\/sitio\/wp-json\/wp\/v2\/media?parent=55016"}],"wp:term":[{"taxonomy":"category","embeddable":true,"href":"https:\/\/eldiariodesanpedro.com.ar\/sitio\/wp-json\/wp\/v2\/categories?post=55016"},{"taxonomy":"post_tag","embeddable":true,"href":"https:\/\/eldiariodesanpedro.com.ar\/sitio\/wp-json\/wp\/v2\/tags?post=55016"}],"curies":[{"name":"wp","href":"https:\/\/api.w.org\/{rel}","templated":true}]}}