{"id":55013,"date":"2019-06-24T15:39:55","date_gmt":"2019-06-24T18:39:55","guid":{"rendered":"https:\/\/eldiariodesanpedro.com.ar\/sitio\/?p=55013"},"modified":"2019-06-24T15:40:00","modified_gmt":"2019-06-24T18:40:00","slug":"campana-el-municipio-de-campana-puso-en-marcha-un-plan-de-recuperacion-de-canchas-de-futbol-barriales","status":"publish","type":"post","link":"https:\/\/eldiariodesanpedro.com.ar\/sitio\/campana-el-municipio-de-campana-puso-en-marcha-un-plan-de-recuperacion-de-canchas-de-futbol-barriales\/","title":{"rendered":"CAMPANA: El Municipio de Campana puso en marcha un plan de recuperaci\u00f3n de canchas de f\u00fatbol barriales"},"content":{"rendered":"<!-- VideographyWP Plugin Message: Automatic video embedding prevented by plugin options. -->\n\n<p>El Municipio, a trav\u00e9s de la Direcci\u00f3n de Deportes, puso en marcha un plan de recuperaci\u00f3n de canchas de f\u00fatbol de distintos barrios.<\/p>\n\n\n\n<p>Los trabajos de remodelaci\u00f3n comenzaron por las canchas de Ariel del Plata y Otamendi, para luego continuar por la del barrio San Cayetano a fin de brindarles a los integrantes de la Liga Campanense y a los alumnos de las Escuelas Municipales de F\u00fatbol un espacio deportivo seguro y acorde a sus necesidades.<\/p>\n\n\n\n<p>Estas mejoras implican el cambio del alambrado perimetral, la divisi\u00f3n del p\u00fablico local del visitante e iluminaci\u00f3n para que se puedan llevar adelante partidos en el horario nocturno.<\/p>\n\n\n\n<p>Tras supervisar los trabajos que se vienen llevando adelante en Ariel del Plata particularmente, el intendente Sebasti\u00e1n Abella sostuvo que \u201ces muy importante poner en valor las canchas de f\u00fatbol barriales ya que permite darles a las familias campanenses un espacio deportivo, de esparcimiento y disfrute\u201d.<\/p>\n\n\n\n<p>Por su parte, la secretaria de Desarrollo Social y H\u00e1bitat del Municipio, Cecilia Acciardi, asegur\u00f3 que estas mejoras garantizar\u00e1n la contenci\u00f3n de ni\u00f1os y j\u00f3venes, al tiempo que enfatiz\u00f3: \u201cDesde hace unos meses venimos trabajando de manera conjunta con los integrantes de la Liga para que puedan desarrollar sus actividades en \u00f3ptimas condiciones\u201d.<\/p>\n\n\n\n<p>\u201cEstamos convencidos que mejorando las instalaciones, podremos cambiar el comportamiento de los jugadores y el compromiso de los barrios hacia el cuidado del lugar ya que les generar\u00e1 m\u00e1s sentido de pertenencia\u201d, indic\u00f3 el director de Deportes, Gonzalo Pati\u00f1o.<\/p>\n\n\n\n<p>Y el subdirector de Deportes, Carlos Fernando Navarro Montoya, subray\u00f3 que \u201cel f\u00fatbol es totalmente inclusivo; y cuando uno tiene un lugar c\u00f3modo y seguro en el que desempe\u00f1arse es totalmente enriquecedor\u201d.<\/p>\n\n\n\n<p>Fuente: Impacto Local<\/p>\n","protected":false},"excerpt":{"rendered":"<p>El Municipio, a trav\u00e9s de la Direcci\u00f3n de Deportes, puso en marcha un plan de recuperaci\u00f3n de canchas de f\u00fatbol de distintos barrios. Los trabajos de remodelaci\u00f3n comenzaron por las canchas de Ariel del Plata y Otamendi, para luego continuar por la del barrio San Cayetano a fin de brindarles a los integrantes de la [&hellip;]<\/p>\n","protected":false},"author":4,"featured_media":55014,"comment_status":"open","ping_status":"closed","sticky":false,"template":"","format":"standard","meta":{"om_disable_all_campaigns":false,"_jetpack_memberships_contains_paid_content":false,"footnotes":""},"categories":[621],"tags":[],"class_list":["post-55013","post","type-post","status-publish","format-standard","has-post-thumbnail","hentry","category-regionales"],"aioseo_notices":[],"gutentor_comment":0,"jetpack_featured_media_url":"https:\/\/eldiariodesanpedro.com.ar\/sitio\/wp-content\/uploads\/2019\/06\/En-San-Cayetano-ya-comenzaron-los-trabajos.jpg","jetpack_shortlink":"https:\/\/wp.me\/p6RhLt-ejj","jetpack_sharing_enabled":true,"_links":{"self":[{"href":"https:\/\/eldiariodesanpedro.com.ar\/sitio\/wp-json\/wp\/v2\/posts\/55013","targetHints":{"allow":["GET"]}}],"collection":[{"href":"https:\/\/eldiariodesanpedro.com.ar\/sitio\/wp-json\/wp\/v2\/posts"}],"about":[{"href":"https:\/\/eldiariodesanpedro.com.ar\/sitio\/wp-json\/wp\/v2\/types\/post"}],"author":[{"embeddable":true,"href":"https:\/\/eldiariodesanpedro.com.ar\/sitio\/wp-json\/wp\/v2\/users\/4"}],"replies":[{"embeddable":true,"href":"https:\/\/eldiariodesanpedro.com.ar\/sitio\/wp-json\/wp\/v2\/comments?post=55013"}],"version-history":[{"count":1,"href":"https:\/\/eldiariodesanpedro.com.ar\/sitio\/wp-json\/wp\/v2\/posts\/55013\/revisions"}],"predecessor-version":[{"id":55015,"href":"https:\/\/eldiariodesanpedro.com.ar\/sitio\/wp-json\/wp\/v2\/posts\/55013\/revisions\/55015"}],"wp:featuredmedia":[{"embeddable":true,"href":"https:\/\/eldiariodesanpedro.com.ar\/sitio\/wp-json\/wp\/v2\/media\/55014"}],"wp:attachment":[{"href":"https:\/\/eldiariodesanpedro.com.ar\/sitio\/wp-json\/wp\/v2\/media?parent=55013"}],"wp:term":[{"taxonomy":"category","embeddable":true,"href":"https:\/\/eldiariodesanpedro.com.ar\/sitio\/wp-json\/wp\/v2\/categories?post=55013"},{"taxonomy":"post_tag","embeddable":true,"href":"https:\/\/eldiariodesanpedro.com.ar\/sitio\/wp-json\/wp\/v2\/tags?post=55013"}],"curies":[{"name":"wp","href":"https:\/\/api.w.org\/{rel}","templated":true}]}}