{"id":55010,"date":"2019-06-24T15:38:13","date_gmt":"2019-06-24T18:38:13","guid":{"rendered":"https:\/\/eldiariodesanpedro.com.ar\/sitio\/?p=55010"},"modified":"2019-06-24T15:38:17","modified_gmt":"2019-06-24T18:38:17","slug":"campana-vinieron-a-cobrar-una-deuda-y-por-poco-terminan-presos","status":"publish","type":"post","link":"https:\/\/eldiariodesanpedro.com.ar\/sitio\/campana-vinieron-a-cobrar-una-deuda-y-por-poco-terminan-presos\/","title":{"rendered":"CAMPANA: Vinieron a cobrar una deuda y por poco terminan presos"},"content":{"rendered":"<!-- VideographyWP Plugin Message: Automatic video embedding prevented by plugin options. -->\n\n<p> Una denuncia al 911 alert\u00f3 sobre la irrupci\u00f3n de cuatro sujetos armados a una vivienda, de donde habr\u00edan sustra\u00eddo una moto. La Polic\u00eda logr\u00f3 detenerlos sobre la Panamericana, a metros de Sofitel. Finalmente, el due\u00f1o del rodado explic\u00f3 que manten\u00eda una deuda con estas personas, a quienes les entreg\u00f3 el rodado como parte de pago. <\/p>\n\n\n\n<p>\n\nUn singular hecho tuvo lugar en horas de la tarde del Domingo, luego de una denuncia que termin\u00f3 siendo desestimada por quien inicialmente aparec\u00eda como v\u00edctima.<\/p>\n\n\n\n<p>Es que un llamado al 911 alertaba sobre una situaci\u00f3n que ten\u00eda lugar en una vivienda de calle Bernatene al 800 del barrio Las Praderas. Seg\u00fan la denuncia, en el lugar hab\u00edan ingresado cuatro personas armadas, privando de la libertad a una persona y sustrayendo una motocicleta.<\/p>\n\n\n\n<p>Seg\u00fan la informaci\u00f3n suministrada, tres de los sospechosos se dieron a la fuga a bordo de un Peugeot 405 de color gris, mientras que el cuarto sujeto conduc\u00eda la Motomel Skua en cuesti\u00f3n. Un m\u00f3vil policial logr\u00f3 interceptarlos en la Panamericana, a metros de la Ruta 4.<\/p>\n\n\n\n<p>Sin embargo, tras la requisa no se les incaut\u00f3 arma alguna ni elementos peligrosos. La explicaci\u00f3n la tuvo el due\u00f1o de la casa presuntamente violentada, quien se\u00f1al\u00f3 que conoc\u00eda a los cuatro identificados con quienes posee una deuda de 30 mil pesos. De hecho, \u00e9stas personas se hab\u00edan presentado a cobrar, pero seg\u00fan el due\u00f1o de casa sin ning\u00fan tipo de violencia, ni armas ni amenaza alguna.<\/p>\n\n\n\n<p>Tras llegar a un acuerdo, les entreg\u00f3 por voluntad propia la moto en parte de pago de la deuda. Pero sus hijos se asustaron y dieron aviso a los vecinos, quienes a su vez llamaron a la Polic\u00eda.<\/p>\n\n\n\n<p>Aclarada la situaci\u00f3n, los cuatro individuos continuaron viaje hacia Jos\u00e9 Le\u00f3n Su\u00e1rez, de donde eran oriundos. <\/p>\n\n\n\n<p>Fuente: Campana Noticias<\/p>\n","protected":false},"excerpt":{"rendered":"<p>Una denuncia al 911 alert\u00f3 sobre la irrupci\u00f3n de cuatro sujetos armados a una vivienda, de donde habr\u00edan sustra\u00eddo una moto. La Polic\u00eda logr\u00f3 detenerlos sobre la Panamericana, a metros de Sofitel. Finalmente, el due\u00f1o del rodado explic\u00f3 que manten\u00eda una deuda con estas personas, a quienes les entreg\u00f3 el rodado como parte de pago. [&hellip;]<\/p>\n","protected":false},"author":4,"featured_media":55011,"comment_status":"open","ping_status":"closed","sticky":false,"template":"","format":"standard","meta":{"om_disable_all_campaigns":false,"_jetpack_memberships_contains_paid_content":false,"footnotes":""},"categories":[621],"tags":[],"class_list":["post-55010","post","type-post","status-publish","format-standard","has-post-thumbnail","hentry","category-regionales"],"aioseo_notices":[],"gutentor_comment":0,"jetpack_featured_media_url":"https:\/\/eldiariodesanpedro.com.ar\/sitio\/wp-content\/uploads\/2019\/06\/20190623112402.jpg","jetpack_shortlink":"https:\/\/wp.me\/p6RhLt-ejg","jetpack_sharing_enabled":true,"_links":{"self":[{"href":"https:\/\/eldiariodesanpedro.com.ar\/sitio\/wp-json\/wp\/v2\/posts\/55010","targetHints":{"allow":["GET"]}}],"collection":[{"href":"https:\/\/eldiariodesanpedro.com.ar\/sitio\/wp-json\/wp\/v2\/posts"}],"about":[{"href":"https:\/\/eldiariodesanpedro.com.ar\/sitio\/wp-json\/wp\/v2\/types\/post"}],"author":[{"embeddable":true,"href":"https:\/\/eldiariodesanpedro.com.ar\/sitio\/wp-json\/wp\/v2\/users\/4"}],"replies":[{"embeddable":true,"href":"https:\/\/eldiariodesanpedro.com.ar\/sitio\/wp-json\/wp\/v2\/comments?post=55010"}],"version-history":[{"count":1,"href":"https:\/\/eldiariodesanpedro.com.ar\/sitio\/wp-json\/wp\/v2\/posts\/55010\/revisions"}],"predecessor-version":[{"id":55012,"href":"https:\/\/eldiariodesanpedro.com.ar\/sitio\/wp-json\/wp\/v2\/posts\/55010\/revisions\/55012"}],"wp:featuredmedia":[{"embeddable":true,"href":"https:\/\/eldiariodesanpedro.com.ar\/sitio\/wp-json\/wp\/v2\/media\/55011"}],"wp:attachment":[{"href":"https:\/\/eldiariodesanpedro.com.ar\/sitio\/wp-json\/wp\/v2\/media?parent=55010"}],"wp:term":[{"taxonomy":"category","embeddable":true,"href":"https:\/\/eldiariodesanpedro.com.ar\/sitio\/wp-json\/wp\/v2\/categories?post=55010"},{"taxonomy":"post_tag","embeddable":true,"href":"https:\/\/eldiariodesanpedro.com.ar\/sitio\/wp-json\/wp\/v2\/tags?post=55010"}],"curies":[{"name":"wp","href":"https:\/\/api.w.org\/{rel}","templated":true}]}}