{"id":55007,"date":"2019-06-24T15:34:55","date_gmt":"2019-06-24T18:34:55","guid":{"rendered":"https:\/\/eldiariodesanpedro.com.ar\/sitio\/?p=55007"},"modified":"2019-06-24T15:35:00","modified_gmt":"2019-06-24T18:35:00","slug":"zarate-daniel-oyarzun-el-carnicero-que-mato-a-un-motochorro-sera-candidato-a-concejal-de-juntos-por-el-cambio","status":"publish","type":"post","link":"https:\/\/eldiariodesanpedro.com.ar\/sitio\/zarate-daniel-oyarzun-el-carnicero-que-mato-a-un-motochorro-sera-candidato-a-concejal-de-juntos-por-el-cambio\/","title":{"rendered":"Z\u00c1RATE: Daniel Oyarz\u00fan, el carnicero que mat\u00f3 a un motochorro, ser\u00e1 candidato a concejal de Juntos por el Cambio"},"content":{"rendered":"<!-- VideographyWP Plugin Message: Automatic video embedding prevented by plugin options. -->\n\n<p>\u00abEstoy muy orgulloso de poder ayudar para seguir trabajando por los derechos de la v\u00edctimas, yo fui v\u00edctima\u00bb, se\u00f1al\u00f3 el comerciante que fue absuelto en un juicio por jurados<\/p>\n\n\n\n<p>En septiembre de 2016, el nombre de&nbsp;<strong>Daniel \u00abBilly\u00bb Oyarz\u00fan<\/strong>&nbsp;tom\u00f3 estado p\u00fablico por atropellar a Brian Gonz\u00e1lez, un ladr\u00f3n que junto a un c\u00f3mplice le rob\u00f3 5000 pesos de su negocio, una carnicer\u00eda de la localidad de Z\u00e1rate. Su caso volvi\u00f3 a poner sobre el debate la justicia por mano propia y dos a\u00f1os despu\u00e9s&nbsp;fue absuelto por por unanimidad en un juicio por jurados.<\/p>\n\n\n\n<p>En las \u00faltimas horas, Oyarz\u00fan volvi\u00f3 a la agenda p\u00fablica:&nbsp;<strong>luego del cierre de las listas del fin de semana se confirm\u00f3 que ser\u00e1 candidato a concejal por Juntos por el Cambio en dicha ciudad bonaerense<\/strong>. Durante el tiempo que dur\u00f3 el juicio, el comerciante tuvo el respaldo del Gobierno y&nbsp;hasta del propio presidente Mauricio Macri.&nbsp;<\/p>\n\n\n\n<p>\u00abQuiero decir que m\u00e1s all\u00e1 de toda la reflexi\u00f3n que tenga que hacer la Justicia, la investigaci\u00f3n, si no hay riesgo de fuga, porque es un ciudadano sano, querido, reconocido por la comunidad, \u00e9l deber\u00eda estar con su familia, tranquilo, tratando de reflexionar sobre todo lo que pas\u00f3, mientras la justicia decide por qu\u00e9 sucedi\u00f3 la muerte que hemos tenido\u00bb, declar\u00f3 el Jefe de Estado en aquel momento.<\/p>\n\n\n\n<p>Con relaci\u00f3n a su candidatura, Oyarz\u00fan asegur\u00f3: \u00abEstoy muy orgulloso de poder participar, contar mi historia de vida de trabajador honesto y poder ayudar para seguir trabajando por los derechos de la v\u00edctimas, yo fui v\u00edctima\u00bb.<\/p>\n\n\n\n<p>Un jurado popular compuesto por seis hombres y seis mujeres decidi\u00f3 absolver por unanimidad al carnicero. La fiscal\u00eda hab\u00eda solicitado que fuera condenado por exceso en la leg\u00edtima defensa, mientras la querella hab\u00eda pedido el homicidio simple. Despu\u00e9s de tres audiencias y los alegatos finales, el jurado interpret\u00f3 que hubo leg\u00edtima defensa y que el comerciante no tuvo intenci\u00f3n de matar al delincuente.<\/p>\n\n\n\n<p>\u00abEstoy contento porque se hizo justicia. Yo sab\u00eda que era inocente. Nunca dud\u00e9 del resultado del veredicto\u00bb, dijo Oyarz\u00fan cuando finaliz\u00f3 el proceso judicial en su contra, hace un a\u00f1o.<\/p>\n\n\n\n<p><strong>Fuente:&nbsp;<\/strong>Noticias Z\u00e1rate Alerta&nbsp;<\/p>\n","protected":false},"excerpt":{"rendered":"<p>\u00abEstoy muy orgulloso de poder ayudar para seguir trabajando por los derechos de la v\u00edctimas, yo fui v\u00edctima\u00bb, se\u00f1al\u00f3 el comerciante que fue absuelto en un juicio por jurados En septiembre de 2016, el nombre de&nbsp;Daniel \u00abBilly\u00bb Oyarz\u00fan&nbsp;tom\u00f3 estado p\u00fablico por atropellar a Brian Gonz\u00e1lez, un ladr\u00f3n que junto a un c\u00f3mplice le rob\u00f3 5000 [&hellip;]<\/p>\n","protected":false},"author":4,"featured_media":55008,"comment_status":"open","ping_status":"closed","sticky":false,"template":"","format":"standard","meta":{"om_disable_all_campaigns":false,"_jetpack_memberships_contains_paid_content":false,"footnotes":""},"categories":[621],"tags":[],"class_list":["post-55007","post","type-post","status-publish","format-standard","has-post-thumbnail","hentry","category-regionales"],"aioseo_notices":[],"gutentor_comment":0,"jetpack_featured_media_url":"https:\/\/eldiariodesanpedro.com.ar\/sitio\/wp-content\/uploads\/2019\/06\/Daniel-Oyarzun-tribunales-Zarate-Campana-1920-3.jpg","jetpack_shortlink":"https:\/\/wp.me\/p6RhLt-ejd","jetpack_sharing_enabled":true,"_links":{"self":[{"href":"https:\/\/eldiariodesanpedro.com.ar\/sitio\/wp-json\/wp\/v2\/posts\/55007","targetHints":{"allow":["GET"]}}],"collection":[{"href":"https:\/\/eldiariodesanpedro.com.ar\/sitio\/wp-json\/wp\/v2\/posts"}],"about":[{"href":"https:\/\/eldiariodesanpedro.com.ar\/sitio\/wp-json\/wp\/v2\/types\/post"}],"author":[{"embeddable":true,"href":"https:\/\/eldiariodesanpedro.com.ar\/sitio\/wp-json\/wp\/v2\/users\/4"}],"replies":[{"embeddable":true,"href":"https:\/\/eldiariodesanpedro.com.ar\/sitio\/wp-json\/wp\/v2\/comments?post=55007"}],"version-history":[{"count":1,"href":"https:\/\/eldiariodesanpedro.com.ar\/sitio\/wp-json\/wp\/v2\/posts\/55007\/revisions"}],"predecessor-version":[{"id":55009,"href":"https:\/\/eldiariodesanpedro.com.ar\/sitio\/wp-json\/wp\/v2\/posts\/55007\/revisions\/55009"}],"wp:featuredmedia":[{"embeddable":true,"href":"https:\/\/eldiariodesanpedro.com.ar\/sitio\/wp-json\/wp\/v2\/media\/55008"}],"wp:attachment":[{"href":"https:\/\/eldiariodesanpedro.com.ar\/sitio\/wp-json\/wp\/v2\/media?parent=55007"}],"wp:term":[{"taxonomy":"category","embeddable":true,"href":"https:\/\/eldiariodesanpedro.com.ar\/sitio\/wp-json\/wp\/v2\/categories?post=55007"},{"taxonomy":"post_tag","embeddable":true,"href":"https:\/\/eldiariodesanpedro.com.ar\/sitio\/wp-json\/wp\/v2\/tags?post=55007"}],"curies":[{"name":"wp","href":"https:\/\/api.w.org\/{rel}","templated":true}]}}