{"id":55004,"date":"2019-06-24T15:31:15","date_gmt":"2019-06-24T18:31:15","guid":{"rendered":"https:\/\/eldiariodesanpedro.com.ar\/sitio\/?p=55004"},"modified":"2019-06-24T15:31:19","modified_gmt":"2019-06-24T18:31:19","slug":"ramallo-denuncio-que-lo-amenazaron-con-un-pato-de-hule","status":"publish","type":"post","link":"https:\/\/eldiariodesanpedro.com.ar\/sitio\/ramallo-denuncio-que-lo-amenazaron-con-un-pato-de-hule\/","title":{"rendered":"RAMALLO: Denunci\u00f3 que lo amenazaron con un pato de hule"},"content":{"rendered":"<!-- VideographyWP Plugin Message: Automatic video embedding prevented by plugin options. -->\n\n<p>Un hombre radic\u00f3 la denuncia en la Comisar\u00eda por un hecho misterioso que sucedi\u00f3 el pasado lunes en Villa Ramallo.<\/p>\n\n\n\n<p>La v\u00edctima del incidente es un hombre de 57 a\u00f1os y dej\u00f3 asentado en la Estaci\u00f3n Comunal Segunda de esa localidad que autores desconocidos le arrojaron a la puerta de su domicilio una botella de vidrio con un curioso objeto.<\/p>\n\n\n\n<p>El mismo era un pato de hule, en el cual dejaron una expresa amenaza contra su persona.<\/p>\n\n\n\n<p>Seg\u00fan trascendi\u00f3, el acto vand\u00e1lico sucedi\u00f3 el lunes a las 3 y media de la ma\u00f1ana y la Ayudant\u00eda Fiscal ya orden\u00f3 la investigaci\u00f3n correspondiente.<\/p>\n\n\n\n<p>Fuente: Ramallo Informa<\/p>\n","protected":false},"excerpt":{"rendered":"<p>Un hombre radic\u00f3 la denuncia en la Comisar\u00eda por un hecho misterioso que sucedi\u00f3 el pasado lunes en Villa Ramallo. La v\u00edctima del incidente es un hombre de 57 a\u00f1os y dej\u00f3 asentado en la Estaci\u00f3n Comunal Segunda de esa localidad que autores desconocidos le arrojaron a la puerta de su domicilio una botella de [&hellip;]<\/p>\n","protected":false},"author":4,"featured_media":55005,"comment_status":"open","ping_status":"closed","sticky":false,"template":"","format":"standard","meta":{"om_disable_all_campaigns":false,"_jetpack_memberships_contains_paid_content":false,"footnotes":""},"categories":[621],"tags":[],"class_list":["post-55004","post","type-post","status-publish","format-standard","has-post-thumbnail","hentry","category-regionales"],"aioseo_notices":[],"gutentor_comment":0,"jetpack_featured_media_url":"https:\/\/eldiariodesanpedro.com.ar\/sitio\/wp-content\/uploads\/2019\/06\/pato-de-hule.jpg","jetpack_shortlink":"https:\/\/wp.me\/p6RhLt-eja","jetpack_sharing_enabled":true,"_links":{"self":[{"href":"https:\/\/eldiariodesanpedro.com.ar\/sitio\/wp-json\/wp\/v2\/posts\/55004","targetHints":{"allow":["GET"]}}],"collection":[{"href":"https:\/\/eldiariodesanpedro.com.ar\/sitio\/wp-json\/wp\/v2\/posts"}],"about":[{"href":"https:\/\/eldiariodesanpedro.com.ar\/sitio\/wp-json\/wp\/v2\/types\/post"}],"author":[{"embeddable":true,"href":"https:\/\/eldiariodesanpedro.com.ar\/sitio\/wp-json\/wp\/v2\/users\/4"}],"replies":[{"embeddable":true,"href":"https:\/\/eldiariodesanpedro.com.ar\/sitio\/wp-json\/wp\/v2\/comments?post=55004"}],"version-history":[{"count":1,"href":"https:\/\/eldiariodesanpedro.com.ar\/sitio\/wp-json\/wp\/v2\/posts\/55004\/revisions"}],"predecessor-version":[{"id":55006,"href":"https:\/\/eldiariodesanpedro.com.ar\/sitio\/wp-json\/wp\/v2\/posts\/55004\/revisions\/55006"}],"wp:featuredmedia":[{"embeddable":true,"href":"https:\/\/eldiariodesanpedro.com.ar\/sitio\/wp-json\/wp\/v2\/media\/55005"}],"wp:attachment":[{"href":"https:\/\/eldiariodesanpedro.com.ar\/sitio\/wp-json\/wp\/v2\/media?parent=55004"}],"wp:term":[{"taxonomy":"category","embeddable":true,"href":"https:\/\/eldiariodesanpedro.com.ar\/sitio\/wp-json\/wp\/v2\/categories?post=55004"},{"taxonomy":"post_tag","embeddable":true,"href":"https:\/\/eldiariodesanpedro.com.ar\/sitio\/wp-json\/wp\/v2\/tags?post=55004"}],"curies":[{"name":"wp","href":"https:\/\/api.w.org\/{rel}","templated":true}]}}