{"id":55002,"date":"2019-06-24T13:40:22","date_gmt":"2019-06-24T16:40:22","guid":{"rendered":"https:\/\/eldiariodesanpedro.com.ar\/sitio\/?p=55002"},"modified":"2019-06-24T13:40:27","modified_gmt":"2019-06-24T16:40:27","slug":"estefania-victima-del-hecho-me-robaron-todo-hasta-el-nebulizador-de-mi-nena","status":"publish","type":"post","link":"https:\/\/eldiariodesanpedro.com.ar\/sitio\/estefania-victima-del-hecho-me-robaron-todo-hasta-el-nebulizador-de-mi-nena\/","title":{"rendered":"Estefan\u00eda, v\u00edctima del hecho: \u00abMe robaron todo, hasta el nebulizador de mi nena\u00bb"},"content":{"rendered":"<!-- VideographyWP Plugin Message: Automatic video embedding prevented by plugin options. -->\n\n<p>Una joven sufri\u00f3 un grave hecho delictivo por la noche del s\u00e1bado. Los delincuentes ingresaron a la vivienda ubicada en Sargento Selada al 500 donde lograron llevarse todo lo que estuvo a su alcance. <\/p>\n\n\n\n<p>Desde nuestra redacci\u00f3n, dialogamos con Estefan\u00eda, v\u00edctima de lo sucedido en su vivienda y nos relato, \u00abe ausento  de mi casa a eso de las 21 horas del s\u00e1bado, m\u00e1s o menos lleg\u00f3 a m\u00ed a mi casa tipo 1 horas, al ingresar me encuentro con todo revuelto y lo primero que me d\u00e9 cuenta que me  faltaba era el tele, lo \u00fanico que me di cuenta en ese momento, a simple vista\u00bb y agreg\u00f3 \u00abluego en un momento reaccion\u00f3 que mis perros estaban adentro, no entend\u00eda como hab\u00edan entrado, hasta que me doy cuenta de que la puerta del patio estaba toda abierta, me forzaron la cerradura, la rompieron y se metieron por ah\u00ed\u00bb<\/p>\n\n\n\n<p>\u00abLamentablemente son los mismos de siempre, los muchachos del barrio, viven haciendo da\u00f1o, porque adem\u00e1s hicieron da\u00f1o, que necesidad de robarme la ropa interior, mis toallas\u00bb <\/p>\n\n\n\n<p>\u00abCuando me pude tranquilizar me puse a contar lo que me faltaba y la verdad nos dejaron con lo puesto, se llevaron electrodom\u00e9sticos, lavarropa, secarropa, la estufa el\u00e9ctrica, la garrafa, vestimenta, calzado, las frazadas,  y tambi\u00e9n el nebulizador de la nena que estaba con un tratamiento porque la semana pasada estuvo internada con neumon\u00eda\u00bb <\/p>\n\n\n\n<p>\u00abel domingo me donaron un nebulizador pero  lo tengo que mandar a arreglar, pero bueno gracias a Dios me donaron tambi\u00e9n ropita para la nena\u00bb<\/p>\n\n\n\n<p>Tambi\u00e9n nos expres\u00f3 con mucha angustia e impotencia lo que necesitan de la colaboraci\u00f3n de la gente, \u00bb pude recuperar la estufa el\u00e9ctrica y el tele, le di plata a uno que le lo trajo, pero la verdad que hace mucho fr\u00edo y ropa no tenemos nada, calzados, frazadas , tenemos que empezar de nuevo, me cost\u00f3 mucho esto, laburo todo el d\u00eda y te pasa esto, estamos muy tristes\u00bb <\/p>\n","protected":false},"excerpt":{"rendered":"<p>Una joven sufri\u00f3 un grave hecho delictivo por la noche del s\u00e1bado. Los delincuentes ingresaron a la vivienda ubicada en Sargento Selada al 500 donde lograron llevarse todo lo que estuvo a su alcance. Desde nuestra redacci\u00f3n, dialogamos con Estefan\u00eda, v\u00edctima de lo sucedido en su vivienda y nos relato, \u00abe ausento de mi casa [&hellip;]<\/p>\n","protected":false},"author":4,"featured_media":35013,"comment_status":"open","ping_status":"closed","sticky":false,"template":"","format":"standard","meta":{"om_disable_all_campaigns":false,"_jetpack_memberships_contains_paid_content":false,"footnotes":""},"categories":[50,2,103],"tags":[],"class_list":["post-55002","post","type-post","status-publish","format-standard","has-post-thumbnail","hentry","category-destacadas","category-locales","category-policiales-locales"],"aioseo_notices":[],"gutentor_comment":0,"jetpack_featured_media_url":"https:\/\/eldiariodesanpedro.com.ar\/sitio\/wp-content\/uploads\/2018\/06\/robo-en-casa.jpg","jetpack_shortlink":"https:\/\/wp.me\/p6RhLt-ej8","jetpack_sharing_enabled":true,"_links":{"self":[{"href":"https:\/\/eldiariodesanpedro.com.ar\/sitio\/wp-json\/wp\/v2\/posts\/55002","targetHints":{"allow":["GET"]}}],"collection":[{"href":"https:\/\/eldiariodesanpedro.com.ar\/sitio\/wp-json\/wp\/v2\/posts"}],"about":[{"href":"https:\/\/eldiariodesanpedro.com.ar\/sitio\/wp-json\/wp\/v2\/types\/post"}],"author":[{"embeddable":true,"href":"https:\/\/eldiariodesanpedro.com.ar\/sitio\/wp-json\/wp\/v2\/users\/4"}],"replies":[{"embeddable":true,"href":"https:\/\/eldiariodesanpedro.com.ar\/sitio\/wp-json\/wp\/v2\/comments?post=55002"}],"version-history":[{"count":1,"href":"https:\/\/eldiariodesanpedro.com.ar\/sitio\/wp-json\/wp\/v2\/posts\/55002\/revisions"}],"predecessor-version":[{"id":55003,"href":"https:\/\/eldiariodesanpedro.com.ar\/sitio\/wp-json\/wp\/v2\/posts\/55002\/revisions\/55003"}],"wp:featuredmedia":[{"embeddable":true,"href":"https:\/\/eldiariodesanpedro.com.ar\/sitio\/wp-json\/wp\/v2\/media\/35013"}],"wp:attachment":[{"href":"https:\/\/eldiariodesanpedro.com.ar\/sitio\/wp-json\/wp\/v2\/media?parent=55002"}],"wp:term":[{"taxonomy":"category","embeddable":true,"href":"https:\/\/eldiariodesanpedro.com.ar\/sitio\/wp-json\/wp\/v2\/categories?post=55002"},{"taxonomy":"post_tag","embeddable":true,"href":"https:\/\/eldiariodesanpedro.com.ar\/sitio\/wp-json\/wp\/v2\/tags?post=55002"}],"curies":[{"name":"wp","href":"https:\/\/api.w.org\/{rel}","templated":true}]}}