{"id":54997,"date":"2019-06-24T10:25:51","date_gmt":"2019-06-24T13:25:51","guid":{"rendered":"https:\/\/eldiariodesanpedro.com.ar\/sitio\/?p=54997"},"modified":"2019-06-24T10:26:12","modified_gmt":"2019-06-24T13:26:12","slug":"el-intendente-molesto-e-indignado-por-el-armado-de-la-lista-de-la-segunda-seccion","status":"publish","type":"post","link":"https:\/\/eldiariodesanpedro.com.ar\/sitio\/el-intendente-molesto-e-indignado-por-el-armado-de-la-lista-de-la-segunda-seccion\/","title":{"rendered":"El Intendente molesto e indignado por el armado de la lista de la segunda secci\u00f3n"},"content":{"rendered":"<!-- VideographyWP Plugin Message: Automatic video embedding prevented by plugin options. -->\n\n<p>Cecilio Salazar, mandam\u00e1s San Pedro, mostr\u00f3 su enojo porque en la n\u00f3mina de senadores de la Segunda habr\u00e1 dirigentes que no son de la secci\u00f3n. \u201cPens\u00e9 que \u00e9ramos distintos, por eso estoy en el espacio, pero esto es m\u00e1s de lo mismo\u201d, declar\u00f3; y se\u00f1al\u00f3 que los jefes comunales no son escuchados.<\/p>\n\n\n\n<p>\n\n\u201cNunca vi tanto desastre en el armado de las listas seccionales. En la Segunda hicieron un desastre. Est\u00e1n poniendo gente de otras secciones que no los conoce ni Dios. Me recuerda a otras \u00e9pocas esto. Pens\u00e9 que \u00e9ramos distintos, por eso estoy en el espacio, pero esto es m\u00e1s de lo mismo\u201d, le dijo Cecilio Salazar a&nbsp;<em><strong>La Tecla<\/strong><\/em>.<\/p>\n\n\n\n<p>El intendente de San Pedro se mostr\u00f3 indignado porque en la n\u00f3mina de senadores de la zona norte de la Provincia aparecen dirigentes que no son de la secci\u00f3n, aunque se debat\u00eda qui\u00e9n encabezar\u00eda la grilla, y si iba a ser de la Segunda o no.<\/p>\n\n\n\n<p>Salazar, referente del partido Fe, dijo que pese a su enojo no se ir\u00e1 del espacio. Sin embargo no vacil\u00f3 en se\u00f1alar que \u201c\u201crealmente hace muchos a\u00f1os que no ve\u00eda una cosa as\u00ed, que se manejen de tal manera sin siquiera consultar a los intendentes, que somos en definitiva los que ponemos la cara todos los d\u00edas y buscamos los votos\u201d.<\/p>\n\n\n\n<p>\u201cNos han puesto gente que no junta un solo voto y no los conoce ni Dios\u201d, remarc\u00f3 el alcalde, antes de se\u00f1alar que \u201chay un total disconformismo de todos los intendentes. Los seis intendentes de la secci\u00f3n estamos muy molestos\u201d.<\/p>\n\n\n\n<p>Para reafirmar el valor de los jefes comunales, el sampedrino se\u00f1al\u00f3 que en su distrito, Cambiemos \u201csac\u00f3 en 2015 el 53 por ciento de los votos y en el 2017 el 61 por ciento de los votos, y no nos llamaron ni siquiera para preguntarnos si est\u00e1bamos de acuerdo con los senadores que iban a poner\u201d.<\/p>\n\n\n\n<p>\u201cNo nos pagaron nada en 2015 y nada en 2017 y nada en el 2019, somos soldaditos, tenemos que levantar la mano y estar de acuerdo con lo que tres o cuatro tipos deciden, y jutamente deciden poner dos o tres personas que ni siquiera son de la secci\u00f3n. Es lamentable\u201d, se quej\u00f3.<br>De todos modos, Salazar rescat\u00f3 a Mar\u00eda Eugenia Vidal, a quien se\u00f1al\u00f3 como \u201cla primera v\u00edctima, porque no la dejaron desdoblar la elecci\u00f3n, ahora las v\u00edctimas son los intendentes\u201d.<\/p>\n\n\n\n<p>Hubo un \u00a0texto que los seis intendentes de la Segunda secci\u00f3n le mandaron al jefe de gabinete provincial, Federico Salvai, cuyo tono es el mismo que las expresiones que Salazar. <\/p>\n\n\n\n<p>Fuente: La Tecla<\/p>\n","protected":false},"excerpt":{"rendered":"<p>Cecilio Salazar, mandam\u00e1s San Pedro, mostr\u00f3 su enojo porque en la n\u00f3mina de senadores de la Segunda habr\u00e1 dirigentes que no son de la secci\u00f3n. \u201cPens\u00e9 que \u00e9ramos distintos, por eso estoy en el espacio, pero esto es m\u00e1s de lo mismo\u201d, declar\u00f3; y se\u00f1al\u00f3 que los jefes comunales no son escuchados. \u201cNunca vi tanto [&hellip;]<\/p>\n","protected":false},"author":4,"featured_media":54998,"comment_status":"open","ping_status":"closed","sticky":false,"template":"","format":"standard","meta":{"om_disable_all_campaigns":false,"_jetpack_memberships_contains_paid_content":false,"footnotes":""},"categories":[2,102],"tags":[],"class_list":["post-54997","post","type-post","status-publish","format-standard","has-post-thumbnail","hentry","category-locales","category-politica-locales"],"aioseo_notices":[],"gutentor_comment":0,"jetpack_featured_media_url":"https:\/\/eldiariodesanpedro.com.ar\/sitio\/wp-content\/uploads\/2019\/06\/Cecilio.jpg","jetpack_shortlink":"https:\/\/wp.me\/p6RhLt-ej3","jetpack_sharing_enabled":true,"_links":{"self":[{"href":"https:\/\/eldiariodesanpedro.com.ar\/sitio\/wp-json\/wp\/v2\/posts\/54997","targetHints":{"allow":["GET"]}}],"collection":[{"href":"https:\/\/eldiariodesanpedro.com.ar\/sitio\/wp-json\/wp\/v2\/posts"}],"about":[{"href":"https:\/\/eldiariodesanpedro.com.ar\/sitio\/wp-json\/wp\/v2\/types\/post"}],"author":[{"embeddable":true,"href":"https:\/\/eldiariodesanpedro.com.ar\/sitio\/wp-json\/wp\/v2\/users\/4"}],"replies":[{"embeddable":true,"href":"https:\/\/eldiariodesanpedro.com.ar\/sitio\/wp-json\/wp\/v2\/comments?post=54997"}],"version-history":[{"count":2,"href":"https:\/\/eldiariodesanpedro.com.ar\/sitio\/wp-json\/wp\/v2\/posts\/54997\/revisions"}],"predecessor-version":[{"id":55001,"href":"https:\/\/eldiariodesanpedro.com.ar\/sitio\/wp-json\/wp\/v2\/posts\/54997\/revisions\/55001"}],"wp:featuredmedia":[{"embeddable":true,"href":"https:\/\/eldiariodesanpedro.com.ar\/sitio\/wp-json\/wp\/v2\/media\/54998"}],"wp:attachment":[{"href":"https:\/\/eldiariodesanpedro.com.ar\/sitio\/wp-json\/wp\/v2\/media?parent=54997"}],"wp:term":[{"taxonomy":"category","embeddable":true,"href":"https:\/\/eldiariodesanpedro.com.ar\/sitio\/wp-json\/wp\/v2\/categories?post=54997"},{"taxonomy":"post_tag","embeddable":true,"href":"https:\/\/eldiariodesanpedro.com.ar\/sitio\/wp-json\/wp\/v2\/tags?post=54997"}],"curies":[{"name":"wp","href":"https:\/\/api.w.org\/{rel}","templated":true}]}}