{"id":54973,"date":"2019-06-24T10:20:36","date_gmt":"2019-06-24T13:20:36","guid":{"rendered":"https:\/\/eldiariodesanpedro.com.ar\/sitio\/?p=54973"},"modified":"2019-06-24T10:20:40","modified_gmt":"2019-06-24T13:20:40","slug":"aprehendidos-con-un-arma-de-fuego-intimidaron-a-un-joven-para-robarle-un-celular","status":"publish","type":"post","link":"https:\/\/eldiariodesanpedro.com.ar\/sitio\/aprehendidos-con-un-arma-de-fuego-intimidaron-a-un-joven-para-robarle-un-celular\/","title":{"rendered":"Aprehendidos: Con un arma de fuego intimidaron a un joven para robarle un celular"},"content":{"rendered":"<!-- VideographyWP Plugin Message: Automatic video embedding prevented by plugin options. -->\n\n<p> Sucedi\u00f3 esta madrugada, la victima fue sorprendida por dos delincuentes quienes mediante intimidaci\u00f3n con un arma de fuego logran sustraerle una campera y el celular. Tras r\u00e1pido accionar policial fueron aprehendidos.<\/p>\n\n\n\n<p>Un joven de 17 a\u00f1os de edad, fue sorprendido por dos malvivientes de 16 y 23, en intersecci\u00f3n de las calles Uruguay e\/ Irlanda. Los mismos logran sustraerles los elementos mencionados tras amenazarlo con un arma de fuego y emprenden a la fuga.<\/p>\n\n\n\n<p>Polic\u00eda alertada y tras r\u00e1pido accionar, logran su aprehensi\u00f3n a cuadras del hecho, sobre calle Bonorino al 200, secuestrando tambi\u00e9n el tel\u00e9fono y la campera sustra\u00edda.<\/p>\n\n\n\n<p>Ambos fueron trasladados a la dependencia local. Se procedi\u00f3 ademas al secuestro de las  vestimentas de los malvivientes como prueba reconocida por victima.<\/p>\n","protected":false},"excerpt":{"rendered":"<p>Sucedi\u00f3 esta madrugada, la victima fue sorprendida por dos delincuentes quienes mediante intimidaci\u00f3n con un arma de fuego logran sustraerle una campera y el celular. Tras r\u00e1pido accionar policial fueron aprehendidos. Un joven de 17 a\u00f1os de edad, fue sorprendido por dos malvivientes de 16 y 23, en intersecci\u00f3n de las calles Uruguay e\/ Irlanda. [&hellip;]<\/p>\n","protected":false},"author":4,"featured_media":30195,"comment_status":"open","ping_status":"closed","sticky":false,"template":"","format":"standard","meta":{"om_disable_all_campaigns":false,"_jetpack_memberships_contains_paid_content":false,"footnotes":""},"categories":[2,103],"tags":[],"class_list":["post-54973","post","type-post","status-publish","format-standard","has-post-thumbnail","hentry","category-locales","category-policiales-locales"],"aioseo_notices":[],"gutentor_comment":0,"jetpack_featured_media_url":"https:\/\/eldiariodesanpedro.com.ar\/sitio\/wp-content\/uploads\/2018\/03\/Aprehendido-y-ofuscado.jpg","jetpack_shortlink":"https:\/\/wp.me\/p6RhLt-eiF","jetpack_sharing_enabled":true,"_links":{"self":[{"href":"https:\/\/eldiariodesanpedro.com.ar\/sitio\/wp-json\/wp\/v2\/posts\/54973","targetHints":{"allow":["GET"]}}],"collection":[{"href":"https:\/\/eldiariodesanpedro.com.ar\/sitio\/wp-json\/wp\/v2\/posts"}],"about":[{"href":"https:\/\/eldiariodesanpedro.com.ar\/sitio\/wp-json\/wp\/v2\/types\/post"}],"author":[{"embeddable":true,"href":"https:\/\/eldiariodesanpedro.com.ar\/sitio\/wp-json\/wp\/v2\/users\/4"}],"replies":[{"embeddable":true,"href":"https:\/\/eldiariodesanpedro.com.ar\/sitio\/wp-json\/wp\/v2\/comments?post=54973"}],"version-history":[{"count":1,"href":"https:\/\/eldiariodesanpedro.com.ar\/sitio\/wp-json\/wp\/v2\/posts\/54973\/revisions"}],"predecessor-version":[{"id":54994,"href":"https:\/\/eldiariodesanpedro.com.ar\/sitio\/wp-json\/wp\/v2\/posts\/54973\/revisions\/54994"}],"wp:featuredmedia":[{"embeddable":true,"href":"https:\/\/eldiariodesanpedro.com.ar\/sitio\/wp-json\/wp\/v2\/media\/30195"}],"wp:attachment":[{"href":"https:\/\/eldiariodesanpedro.com.ar\/sitio\/wp-json\/wp\/v2\/media?parent=54973"}],"wp:term":[{"taxonomy":"category","embeddable":true,"href":"https:\/\/eldiariodesanpedro.com.ar\/sitio\/wp-json\/wp\/v2\/categories?post=54973"},{"taxonomy":"post_tag","embeddable":true,"href":"https:\/\/eldiariodesanpedro.com.ar\/sitio\/wp-json\/wp\/v2\/tags?post=54973"}],"curies":[{"name":"wp","href":"https:\/\/api.w.org\/{rel}","templated":true}]}}