{"id":5497,"date":"2016-06-15T21:47:44","date_gmt":"2016-06-16T00:47:44","guid":{"rendered":"https:\/\/eldiariodesanpedro.com.ar\/sitio\/?p=5497"},"modified":"2016-06-15T21:47:44","modified_gmt":"2016-06-16T00:47:44","slug":"el-tren-paro-de-nuevo-en-san-pedro","status":"publish","type":"post","link":"https:\/\/eldiariodesanpedro.com.ar\/sitio\/el-tren-paro-de-nuevo-en-san-pedro\/","title":{"rendered":"El tren par\u00f3 de nuevo en San Pedro"},"content":{"rendered":"<p><!-- VideographyWP Plugin Message: Automatic video embedding prevented by plugin options. --><br \/>\nCon gran expectativa y con el acompa\u00f1amiento de una gran cantidad de vecinos, ayer una formaci\u00f3n volvi\u00f3 a parar en la ciudad para cumplir con el horario previsto de las 19.50. Tambi\u00e9n llegaron al lugar la gran mayor\u00eda de los integrantes del gabinete municipal, encabezados por el Intendente Cecilio Salazar.<br \/>\nSe trata del tren que se dirige a Rosario. En tanto que cerca de las 3 AM pasa el que va a Buenos Aires.<br \/>\nCabe destacar que se llevaron a cabo una serie de mejoras provisorias para que esta situaci\u00f3n se pueda concretar. Sobre ello, Ramiro S\u00e1nchez de la ADIF, manifest\u00f3: \u201cLa semana pr\u00f3xima estamos iniciando las obras de esta estaci\u00f3n y de San Nicol\u00e1s\u201d. \u201cVamos a hacer la puesta en valor del edificio, vamos a iluminar toda la estaci\u00f3n con luces led, los andenes a nuevos con accesibilidad para todos los pasajeros\u201d.<br \/>\nEn tanto que sobre la posibilidad que se ampl\u00ede la frecuencia, asever\u00f3: \u201cTengo entendido que ese es el objetivo, obviamente estamos en una etapa de obra, muchas que se van a concretar ya sea la de v\u00edas, estaciones y todo esto va a concatenar a que se ampl\u00eden los servicios\u201d.<br \/>\nPor su parte el Intendente Salazar manifest\u00f3 emocionado: \u201cEsto me rrea muchos recuerdos, mucha nostalgia, yo viajaba de chico en esas \u00e9pocas, a la 4 o 5 de la ma\u00f1ana con mucho fr\u00edo, no hab\u00eda calefacci\u00f3n\u201d. Y agreg\u00f3: \u201cVer tanta gente feliz y contenta es para lo que trabajamos\u201d. \u201cNo pens\u00e9 que iba a venir tanta cantidad de gente\u201d, \u201ces una emoci\u00f3n grande para mi y todo mi equipo\u201d y asever\u00f3: \u201cHoy es un d\u00eda hist\u00f3rico\u201d. <\/p>\n","protected":false},"excerpt":{"rendered":"<p>Con gran expectativa y con el acompa\u00f1amiento de una gran cantidad de vecinos, ayer una formaci\u00f3n volvi\u00f3 a parar en la ciudad para cumplir con el horario previsto de las 19.50. Tambi\u00e9n llegaron al lugar la gran mayor\u00eda de los integrantes del gabinete municipal, encabezados por el Intendente Cecilio Salazar. Se trata del tren que [&hellip;]<\/p>\n","protected":false},"author":4,"featured_media":5498,"comment_status":"open","ping_status":"closed","sticky":false,"template":"","format":"standard","meta":{"om_disable_all_campaigns":false,"_jetpack_memberships_contains_paid_content":false,"footnotes":""},"categories":[2],"tags":[],"class_list":["post-5497","post","type-post","status-publish","format-standard","has-post-thumbnail","hentry","category-locales"],"aioseo_notices":[],"gutentor_comment":0,"jetpack_featured_media_url":"https:\/\/eldiariodesanpedro.com.ar\/sitio\/wp-content\/uploads\/2016\/06\/IMG_3106.jpg","jetpack_shortlink":"https:\/\/wp.me\/p6RhLt-1qF","jetpack_sharing_enabled":true,"_links":{"self":[{"href":"https:\/\/eldiariodesanpedro.com.ar\/sitio\/wp-json\/wp\/v2\/posts\/5497","targetHints":{"allow":["GET"]}}],"collection":[{"href":"https:\/\/eldiariodesanpedro.com.ar\/sitio\/wp-json\/wp\/v2\/posts"}],"about":[{"href":"https:\/\/eldiariodesanpedro.com.ar\/sitio\/wp-json\/wp\/v2\/types\/post"}],"author":[{"embeddable":true,"href":"https:\/\/eldiariodesanpedro.com.ar\/sitio\/wp-json\/wp\/v2\/users\/4"}],"replies":[{"embeddable":true,"href":"https:\/\/eldiariodesanpedro.com.ar\/sitio\/wp-json\/wp\/v2\/comments?post=5497"}],"version-history":[{"count":1,"href":"https:\/\/eldiariodesanpedro.com.ar\/sitio\/wp-json\/wp\/v2\/posts\/5497\/revisions"}],"predecessor-version":[{"id":5499,"href":"https:\/\/eldiariodesanpedro.com.ar\/sitio\/wp-json\/wp\/v2\/posts\/5497\/revisions\/5499"}],"wp:featuredmedia":[{"embeddable":true,"href":"https:\/\/eldiariodesanpedro.com.ar\/sitio\/wp-json\/wp\/v2\/media\/5498"}],"wp:attachment":[{"href":"https:\/\/eldiariodesanpedro.com.ar\/sitio\/wp-json\/wp\/v2\/media?parent=5497"}],"wp:term":[{"taxonomy":"category","embeddable":true,"href":"https:\/\/eldiariodesanpedro.com.ar\/sitio\/wp-json\/wp\/v2\/categories?post=5497"},{"taxonomy":"post_tag","embeddable":true,"href":"https:\/\/eldiariodesanpedro.com.ar\/sitio\/wp-json\/wp\/v2\/tags?post=5497"}],"curies":[{"name":"wp","href":"https:\/\/api.w.org\/{rel}","templated":true}]}}