{"id":54969,"date":"2019-06-24T10:05:49","date_gmt":"2019-06-24T13:05:49","guid":{"rendered":"https:\/\/eldiariodesanpedro.com.ar\/sitio\/?p=54969"},"modified":"2019-06-24T10:05:54","modified_gmt":"2019-06-24T13:05:54","slug":"robo-una-motocicleta-110-cc-sin-violencia","status":"publish","type":"post","link":"https:\/\/eldiariodesanpedro.com.ar\/sitio\/robo-una-motocicleta-110-cc-sin-violencia\/","title":{"rendered":"Robo: Una motocicleta 110 cc, sin violencia"},"content":{"rendered":"<!-- VideographyWP Plugin Message: Automatic video embedding prevented by plugin options. -->\n\n<p>Delincuentes ignorados lograron sustraer el rodado que se encontraba estacionado sobre la vereda de calle Liniers al 2100. Sin sospechas, interviene la fiscalia N\u00ba11.<\/p>\n\n\n\n<p>Su propietaria, una ciudadana de 30 a\u00f1os de edad, constato el hecho momentos despu\u00e9s del egresar del domicilio donde hab\u00eda dejado estacionada la motocicleta Guerrero Trip 110. Los malvivientes la sustrajeron sin violencia.<\/p>\n","protected":false},"excerpt":{"rendered":"<p>Delincuentes ignorados lograron sustraer el rodado que se encontraba estacionado sobre la vereda de calle Liniers al 2100. Sin sospechas, interviene la fiscalia N\u00ba11. Su propietaria, una ciudadana de 30 a\u00f1os de edad, constato el hecho momentos despu\u00e9s del egresar del domicilio donde hab\u00eda dejado estacionada la motocicleta Guerrero Trip 110. Los malvivientes la sustrajeron [&hellip;]<\/p>\n","protected":false},"author":4,"featured_media":13371,"comment_status":"open","ping_status":"closed","sticky":false,"template":"","format":"standard","meta":{"om_disable_all_campaigns":false,"_jetpack_memberships_contains_paid_content":false,"footnotes":""},"categories":[2,103],"tags":[],"class_list":["post-54969","post","type-post","status-publish","format-standard","has-post-thumbnail","hentry","category-locales","category-policiales-locales"],"aioseo_notices":[],"gutentor_comment":0,"jetpack_featured_media_url":"https:\/\/eldiariodesanpedro.com.ar\/sitio\/wp-content\/uploads\/2017\/01\/Patrulla-3-e1485286104708.jpg","jetpack_shortlink":"https:\/\/wp.me\/p6RhLt-eiB","jetpack_sharing_enabled":true,"_links":{"self":[{"href":"https:\/\/eldiariodesanpedro.com.ar\/sitio\/wp-json\/wp\/v2\/posts\/54969","targetHints":{"allow":["GET"]}}],"collection":[{"href":"https:\/\/eldiariodesanpedro.com.ar\/sitio\/wp-json\/wp\/v2\/posts"}],"about":[{"href":"https:\/\/eldiariodesanpedro.com.ar\/sitio\/wp-json\/wp\/v2\/types\/post"}],"author":[{"embeddable":true,"href":"https:\/\/eldiariodesanpedro.com.ar\/sitio\/wp-json\/wp\/v2\/users\/4"}],"replies":[{"embeddable":true,"href":"https:\/\/eldiariodesanpedro.com.ar\/sitio\/wp-json\/wp\/v2\/comments?post=54969"}],"version-history":[{"count":1,"href":"https:\/\/eldiariodesanpedro.com.ar\/sitio\/wp-json\/wp\/v2\/posts\/54969\/revisions"}],"predecessor-version":[{"id":54972,"href":"https:\/\/eldiariodesanpedro.com.ar\/sitio\/wp-json\/wp\/v2\/posts\/54969\/revisions\/54972"}],"wp:featuredmedia":[{"embeddable":true,"href":"https:\/\/eldiariodesanpedro.com.ar\/sitio\/wp-json\/wp\/v2\/media\/13371"}],"wp:attachment":[{"href":"https:\/\/eldiariodesanpedro.com.ar\/sitio\/wp-json\/wp\/v2\/media?parent=54969"}],"wp:term":[{"taxonomy":"category","embeddable":true,"href":"https:\/\/eldiariodesanpedro.com.ar\/sitio\/wp-json\/wp\/v2\/categories?post=54969"},{"taxonomy":"post_tag","embeddable":true,"href":"https:\/\/eldiariodesanpedro.com.ar\/sitio\/wp-json\/wp\/v2\/tags?post=54969"}],"curies":[{"name":"wp","href":"https:\/\/api.w.org\/{rel}","templated":true}]}}