{"id":54965,"date":"2019-06-24T09:59:30","date_gmt":"2019-06-24T12:59:30","guid":{"rendered":"https:\/\/eldiariodesanpedro.com.ar\/sitio\/?p=54965"},"modified":"2019-06-24T09:59:34","modified_gmt":"2019-06-24T12:59:34","slug":"el-grupo-conservacionista-participo-del-encuentro-bonaerense-de-museos-de-ciencias","status":"publish","type":"post","link":"https:\/\/eldiariodesanpedro.com.ar\/sitio\/el-grupo-conservacionista-participo-del-encuentro-bonaerense-de-museos-de-ciencias\/","title":{"rendered":"El Grupo Conservacionista particip\u00f3 del \u201cEncuentro Bonaerense de Museos de Ciencias\u201d"},"content":{"rendered":"<!-- VideographyWP Plugin Message: Automatic video embedding prevented by plugin options. -->\n\n<p>El pasado viernes, el equipo del&nbsp;<strong><em>Museo Paleontol\u00f3gico<\/em><\/strong>&nbsp;viaj\u00f3 hasta la localidad de Mercedes para participar del&nbsp;<strong><em>Encuentro Bonaerense de Museos de Ciencias<\/em><\/strong>.<\/p>\n\n\n\n<p>&nbsp; El evento, organizado por el Museo de Ciencias Naturales \u201c<em>Carlos Ameghino<\/em>\u201d, en homenaje al&nbsp;<strong>154\u00ba aniversario del nacimiento<\/strong>&nbsp;del conocido naturalista, cont\u00f3 con la concurrencia de representantes de instituciones de diversas localidades de la provincia.<\/p>\n\n\n\n<p>&nbsp; Se brindaron exposiciones orales desde el Centro Cultural y Museo Usina Vieja (San A. de Areco), Museo Argentino de Ciencias Naturales (Capital), Repositorio Paleontol\u00f3gico \u201cRam\u00f3n Segura\u201d (Merlo), Colecci\u00f3n Cementos Avellaneda (Olavarr\u00eda), Fundaci\u00f3n Argentavis (Berazategui), Inst. de Ecolog\u00eda y Desarrollo Sustentable (Univ. de Luj\u00e1n), Museo \u201cCarlos Ameghino\u201d (Mercedes), Museo \u201cChelfor\u00f3\u201d y Museo del Vecino (General Guido), Centro de Estudios de Arqueolog\u00eda Hist\u00f3rica (Rosario), Museo Legado del Salado (Jun\u00edn), Museo H\u00e9rcules Rabagliatti (Ramallo) y el Museo Paleontol\u00f3gico de San Pedro.<\/p>\n\n\n\n<p>&nbsp; Adem\u00e1s, se escucharon conferencias del Dr. Juan Carlos Fern\u00edcola (MACN), entre otras, y se cont\u00f3 con la visita del Dr. Jos\u00e9 F. Bonaparte, ilustre paleont\u00f3logo argentino de consulta mundial.<\/p>\n\n\n\n<p>&nbsp; En ese marco, una delegaci\u00f3n del Museo Paleontol\u00f3gico de nuestra ciudad integrada por Jos\u00e9 Luis Aguilar, Javier Saucedo y Fernando Chiodini, particip\u00f3 del encuentro en el que se intercambiaron trabajos, novedades, opiniones y adelantos vinculados a las ciencias naturales.<\/p>\n\n\n\n<p>&nbsp;&nbsp;Jos\u00e9 Luis Aguilar brind\u00f3 una charla en la que se divulgaron&nbsp;<strong><em>seis descubrimientos relevantes<\/em><\/strong>&nbsp;realizados en San Pedro y que cobraron notoriedad en los \u00faltimos a\u00f1os: el hallazgo del oso prehist\u00f3rico gigante, el ciervo m\u00e1s completo del pa\u00eds, el Archaeomylodon sampedrinensis, la \u201cfamilia\u201d de armadillos gigantes y dos naufragios; el \u201cCarmen Ligera\u201d y el \u201cRepublicano\u201d.<\/p>\n\n\n\n<p>&nbsp; El evento cont\u00f3 con el auspicio de la Municipalidad de Mercedes, CONICET, y la Fundaci\u00f3n de Historia Natural F\u00e9lix de Azara.<\/p>\n","protected":false},"excerpt":{"rendered":"<p>El pasado viernes, el equipo del&nbsp;Museo Paleontol\u00f3gico&nbsp;viaj\u00f3 hasta la localidad de Mercedes para participar del&nbsp;Encuentro Bonaerense de Museos de Ciencias. &nbsp; El evento, organizado por el Museo de Ciencias Naturales \u201cCarlos Ameghino\u201d, en homenaje al&nbsp;154\u00ba aniversario del nacimiento&nbsp;del conocido naturalista, cont\u00f3 con la concurrencia de representantes de instituciones de diversas localidades de la provincia. &nbsp; [&hellip;]<\/p>\n","protected":false},"author":4,"featured_media":54966,"comment_status":"open","ping_status":"closed","sticky":false,"template":"","format":"standard","meta":{"om_disable_all_campaigns":false,"_jetpack_memberships_contains_paid_content":false,"footnotes":""},"categories":[101,2],"tags":[],"class_list":["post-54965","post","type-post","status-publish","format-standard","has-post-thumbnail","hentry","category-interes-general-locales","category-locales"],"aioseo_notices":[],"gutentor_comment":0,"jetpack_featured_media_url":"https:\/\/eldiariodesanpedro.com.ar\/sitio\/wp-content\/uploads\/2019\/06\/Encuentro-Bonaerense-de-Museos-Mercedes-21-jun-2019.jpg","jetpack_shortlink":"https:\/\/wp.me\/p6RhLt-eix","jetpack_sharing_enabled":true,"_links":{"self":[{"href":"https:\/\/eldiariodesanpedro.com.ar\/sitio\/wp-json\/wp\/v2\/posts\/54965","targetHints":{"allow":["GET"]}}],"collection":[{"href":"https:\/\/eldiariodesanpedro.com.ar\/sitio\/wp-json\/wp\/v2\/posts"}],"about":[{"href":"https:\/\/eldiariodesanpedro.com.ar\/sitio\/wp-json\/wp\/v2\/types\/post"}],"author":[{"embeddable":true,"href":"https:\/\/eldiariodesanpedro.com.ar\/sitio\/wp-json\/wp\/v2\/users\/4"}],"replies":[{"embeddable":true,"href":"https:\/\/eldiariodesanpedro.com.ar\/sitio\/wp-json\/wp\/v2\/comments?post=54965"}],"version-history":[{"count":1,"href":"https:\/\/eldiariodesanpedro.com.ar\/sitio\/wp-json\/wp\/v2\/posts\/54965\/revisions"}],"predecessor-version":[{"id":54970,"href":"https:\/\/eldiariodesanpedro.com.ar\/sitio\/wp-json\/wp\/v2\/posts\/54965\/revisions\/54970"}],"wp:featuredmedia":[{"embeddable":true,"href":"https:\/\/eldiariodesanpedro.com.ar\/sitio\/wp-json\/wp\/v2\/media\/54966"}],"wp:attachment":[{"href":"https:\/\/eldiariodesanpedro.com.ar\/sitio\/wp-json\/wp\/v2\/media?parent=54965"}],"wp:term":[{"taxonomy":"category","embeddable":true,"href":"https:\/\/eldiariodesanpedro.com.ar\/sitio\/wp-json\/wp\/v2\/categories?post=54965"},{"taxonomy":"post_tag","embeddable":true,"href":"https:\/\/eldiariodesanpedro.com.ar\/sitio\/wp-json\/wp\/v2\/tags?post=54965"}],"curies":[{"name":"wp","href":"https:\/\/api.w.org\/{rel}","templated":true}]}}