{"id":54957,"date":"2019-06-23T17:49:54","date_gmt":"2019-06-23T20:49:54","guid":{"rendered":"https:\/\/eldiariodesanpedro.com.ar\/sitio\/?p=54957"},"modified":"2019-06-23T17:49:58","modified_gmt":"2019-06-23T20:49:58","slug":"elecciones-2019-todas-las-listas-definitivas-para-las-paso-en-agosto","status":"publish","type":"post","link":"https:\/\/eldiariodesanpedro.com.ar\/sitio\/elecciones-2019-todas-las-listas-definitivas-para-las-paso-en-agosto\/","title":{"rendered":"Elecciones 2019: Todas las listas definitivas para las PASO en agosto"},"content":{"rendered":"<!-- VideographyWP Plugin Message: Automatic video embedding prevented by plugin options. -->\n\n<p>Luego de semanas de negociaciones entre los espacios, de los 6 frentes que se inscribieron en la provincia, 4 tienen representaci\u00f3n local, y habr\u00e1 8 precandidatos a Intendente.<\/p>\n\n\n\n<p>Los Frentes Electorales tuvieron tiempo hasta el pasado sabado 222 de Junio hastas las 24 para presentar sus listas, en nuestra ciudad, el Frente de Todos que encabeza a nivel nacional Alberto Fern\u00e1ndez y Cristina Fern\u00e1ndez de Kirchner tiene una interna de 4 precandidatos, quienes encabezan las listas compitiendo \u00abEster Noat, Marcos Arana, Eduardo Estelrrich y Luciano Juhan\u00bb. Consenso Federal de Lavagna y Urtubey tiene internas con dos candidatos Nouet y Rodr\u00edguez. El Frente de Izquierda no sumo internas y tendr\u00e1 nuevamente a Ademar Marabert como candidato y por su parte el oficialismo volver\u00e1 a presentar una lista \u00fanica con Salazar tratando de buscar su reelecci\u00f3n.<\/p>\n\n\n\n<p><strong>Espacio Juntos por el Cambio <\/strong><br>Cecilio Salazar buscara su reelecci\u00f3n en el oficialismo en el Frente Juntos por El Cambio quien es liderado por el Presidente Mauricio Macri y la Gobernadora Vidal, el intendente acompa\u00f1ado de su hijo Ram\u00f3n Salazar, Secretario de Coordinaci\u00f3n encabezando la lista de Concejales junto a Monica Otero, en segundo lugar, actual presidenta del Honorable Concejo Deliberante. Lista Completa:<\/p>\n\n\n\n<p>INTENDENTE <br>Cecilio Salazar <\/p>\n\n\n\n<p>Concejales titulares: <br> 1-Ram\u00f3n Oscar Salazar <br> 2-M\u00f3nica Beatriz Otero <br> 3-Alejandro Pablo Donatti <br> 4-Patricia Mar\u00eda Rocca <br> 5-Gerardo Ra\u00fal Peletier<br> 6-Silvina Mariel Ibern <br> 7-Juan Luis Garabaglia <br> 8-Mar\u00eda Jos\u00e9 Mora <br> 9-Cristian Magallanes<\/p>\n\n\n\n<p>Concejales suplentes <br>\n1- Silvana Brambilla <br>\n2- Federico Augusto Prado <br>\n3- Eleonora Taurizano <br>\n4- Mauricio Alarc\u00f3n <br>\n5- Marcela C\u00e1ceres <br>\n6- Maximiliano Luis Ar\u00e9valo <\/p>\n\n\n\n<p>Consejeros Escolares titulares <br>\n1- Fernando Cajide <br>\n2- Vanina Gisela Zubieta <br>\n3- Jorge Alberto D&#8217;Andrea <\/p>\n\n\n\n<p>Consejeros Escolares suplentes <br>\n1- Mar\u00eda Cecilia Ansaloni <br>\n2- Cristian David Novaro <br>\n3- Mar\u00eda Eugenia Garmendia <\/p>\n\n\n\n<p><strong>Frente de Todos<\/strong><br> Ester Noat sera precandidata a Intendente junto a Florencia S\u00e1nchez, actual concejal quien encabezara la lista del HCD, seguida por Juan Cruz Gonz\u00e1lez y Tamara Vlaeminck. La lista completa: <\/p>\n\n\n\n<p>INTENDENTE <br>\nEster Noem\u00ed Noat<\/p>\n\n\n\n<p>Concejales titulares <br>\n1-Mar\u00eda Florencia S\u00e1nchez <br>\n2-Juan Cruz Gonz\u00e1lez <br>\n3-Tamara Vlaeminck <br>\n4-Fernando Gast\u00f3n Casco <br>\n5-Carla Zelaschi <br>\n6-Roberto Escalzo <br>\n7-Marianela Gir\u00e1ndola <br>\n8-Federico Alberto P\u00e1ngaro <br>\n9-Patricia Laura Cabrera <\/p>\n\n\n\n<p>Concejales suplentes <br>\n1-Sebasti\u00e1n An\u00edbal Lescano <br>\n2-Susana Ang\u00e9lica Ram\u00edrez <br>\n3-Dami\u00e1n Alejandro Beltr\u00e1n <br>\n4-Nancy Beatriz Reynoso <br>\n5-Juan Carlos Horacio Grevisse <br>\n6-Nilda Raquel Cid <\/p>\n\n\n\n<p>Consejeros Escolares titulares <br>\n1-Mar\u00eda Cecilia Macchia <br>\n2-Nicol\u00e1s Enrique Maseroni <br>\n3-Elisa Ca\u00f1a <\/p>\n\n\n\n<p>Consejeros Escolares suplentes<br>\n1-Fausto Gonzalbo <br>\n2-Laura Andrea Aranda <br>\n3-Guillermo Fabi\u00e1n Cancelo <\/p>\n\n\n\n<p>Este espacio competir\u00e1, con la ya anunciada precandidatura de Marcos Arana a la Intendencia, en una lista que ser\u00eda encabezada por la ex concejal Cecilia V\u00e1zquez y el ex concejal Fabi\u00e1n Artenzio. Lista Completa: <br>\nCandidato a Intendente <br>\nMarcos Arana <\/p>\n\n\n\n<p>Concejales titulares <br>\n1 &#8211; Cecilia V\u00e1squez <br>\n2 &#8211; Fabian Artenzio <br>\n3 &#8211; Rita Leguizamon<br>\n4 &#8211; Gustavo Oskoma<br>\n5 &#8211; Macarena Belo Perazzo<br>\n6 &#8211; Mauricio Fern\u00e1ndez <br>\n7 &#8211; Belen Gimenez<br>\n8 &#8211; Marcelo Calabrezzi<br>\n9 &#8211; Luc\u00eda Noizeux Arana <\/p>\n\n\n\n<p>Concejales suplentes <br>\n1 &#8211; Alberto Barrios<br>\n2 &#8211; Silvina Machuca<br>\n3 &#8211; Juan Cruz Gajate<br>\n4 &#8211; Ver\u00f3nica Culicinio<br>\n5 &#8211; Rafael Medina<br>\n6 &#8211; Paula Parera<\/p>\n\n\n\n<p>Consejeros escolares <br>\n1 &#8211; Lucas Bon <br>\n2 &#8211; Fernanda Ram\u00edrez De Ant\u00f3n Fernanda <br>\n3 &#8211; Sebasti\u00e1n Cao <\/p>\n\n\n\n<p>Tambi\u00e9n participar\u00e1 en la competencia Luciano Juhant con su lista a la intendencia, acompa\u00f1ado por Juancho Correa como primer concejal, Norma Beatr\u00edz Rodr\u00edguez y C\u00e9sar Cejas. La lista completa: <\/p>\n\n\n\n<p>Candidato a Intendente <br> Luciano Arturo Juhant <\/p>\n\n\n\n<p> Concejales titulares <br> 1 &#8211; Juan Ricardo Correa<br> 2 &#8211; Norma Beatriz Rodr\u00edguez <br> 3 &#8211; Cesar Daniel Cejas <br> 4 &#8211; Claudia Patricia Ben\u00edtez <br> 5 &#8211; Mario C\u00e9sar Cejas Aguilar <br> 6 &#8211; Mara Mariel Abramor <br> 7 &#8211; Alberto Ram\u00f3n Vargas <br> 8 &#8211; Roc\u00edo Beatriz Rodr\u00edguez  <br> 9 &#8211; Juan Pablo Posada <\/p>\n\n\n\n<p>Concejales suplentes <br>\n1 &#8211; Jos\u00e9 Alberto Cortez <br>\n2 &#8211; Sonia Elizabeth Dom\u00ednguez <br>\n3 &#8211; Marcelo Javier Malacalza <br>\n4 &#8211; Juliana Eugenia Orieta <br>\n5 &#8211; Angel Gabriel Luna <br>\n6 &#8211; Romina Gisele Wuthrich<\/p>\n\n\n\n<p>Consejeros escolares titulares <br>\n1-  Laura Cevedio <br>\n2 &#8211; Alberto Aguilar <br>\n3 &#8211; Stella Sanjurjo<\/p>\n\n\n\n<p>Consejeros escolares suplentes <br>\n1 &#8211; Eduardo Mi\u00f1o <br>\n2 &#8211; Anah\u00ed Torrens <br>\n3 &#8211; Dar\u00edo Meza<\/p>\n\n\n\n<p>Por ultimo, el peronista \u00ab\u00d1ato\u00bb Estelrrich sera precandidato a Intendente acompa\u00f1ado por el ex concejal Horacio Neyra quien ocupar\u00e1 el primer lugar al Concejo Deliberante. La Lista Completa:<br><\/p>\n\n\n\n<p>Candidato a Intendente <br>Eduardo Andr\u00e9s Estelrrich <br><\/p>\n\n\n\n<p> Concejales titulares <br> 1 &#8211; Abel Horacio Neyra <br> 2 &#8211; Marisol Huesa <br> 3 &#8211; Dar\u00edo Rub\u00e9n Ben\u00edtez <br> 4 &#8211; Karem Lilian Batle <br> 5 &#8211; Jorge Horacio Hern\u00e1ndez <br> 6 &#8211; Viviana Alejandra Corval\u00e1n <br> 7 &#8211; Johnatan Kevin Neyra <br> 8 &#8211; B\u00e1rbara Carolina Tula <br> 9 &#8211; Leonardo Fabi\u00e1n Torres <\/p>\n\n\n\n<p>Concejales suplentes <br>\n1 &#8211; Elisa Gabriela Duarte<br>\n2 &#8211; Osvaldo Neri Murinigo <br>\n3 &#8211; Rosa Estela Bandura <br>\n4 &#8211; Juan Marcelo Duarte <br>\n5 &#8211; Carolina Eugenia Cuello <br>\n6 &#8211; Jos\u00e9 Dar\u00edo Borda <\/p>\n\n\n\n<p>Consejeros Escolares <br>\n1 &#8211; Silvia Liliana Camacho <br>\n2 &#8211; Renato Luis Blasconi <br>\n3 &#8211; Eva Susana Casas <\/p>\n\n\n\n<p>Consejeros Escolares suplentes <br>\n1 &#8211; Fernando Gustavo Estelrrich <br>\n2 &#8211; Mar\u00eda Laura Velazco <br>\n3 &#8211; Juan Manuel Casas <\/p>\n\n\n\n<p><strong>Frente Consenso Federal<\/strong><br> El socialismo tiene su definici\u00f3n de cara a las PASO dentro de el Frente Consenso Federal que tendra como candidato a presidente a Roverto Lavagna y vice a Juan Manuel Urtubey, la lista del HCD sera encabezada por la que ex precandidata a Diputada Provincial Karina Salvarreguy y el exconcejal Am\u00e9rico \u00abCacho\u00bb Quintana, quien buscara nuevamente renovar una banca en el poder legislativo, acompa\u00f1ando a Fernando Nouet como precandidato a Intendente.<\/p>\n\n\n\n<p>INTENDENTE MUNICIPAL <br>\nFernando Nouet <\/p>\n\n\n\n<p>CONCEJALES TITULARES <br>\n1 &#8211; Karina Salvarreguy<br>\n2 &#8211; Am\u00e9rico Jos\u00e9 Quintana <br>\n3 &#8211; Ver\u00f3nica Sonia Gonz\u00e1lez <br>\n4 &#8211; Omar Edgardo Pucurull <br>\n5 &#8211; Mar\u00eda de los Angeles Sbert <br>\n6 &#8211; Gonz\u00e1lo Antonio Plana <br>\n7 &#8211; Vanina Lorena Cortez <br>\n8 &#8211; Jos\u00e9 Luis Gonz\u00e1lez <br>\n9 &#8211; Nadia Larrigau<\/p>\n\n\n\n<p>CONCEJALES SUPLENTES <br>\n1 &#8211; Sergio Ram\u00f3n Vega <br>\n2 &#8211; Nadia Cynthia G\u00f3mez <br>\n3 &#8211; Javier Ance <br>\n4 &#8211; Mirta Mabel Bella <br>\n5 &#8211; Mauricio Jaime <br>\n6 &#8211; Gabriela Marisol Maza <\/p>\n\n\n\n<p>CONSEJEROS ESCOLARES <br>\n1 &#8211; Walter Carballo <br>\n2 &#8211; Lilia Hern\u00e1ndez <br>\n3 &#8211; Fernando Miguel Sterpo <\/p>\n\n\n\n<p>CONSEJEROS SUPLENTES <br>\n1 &#8211; Mar\u00eda Alejandra Gir\u00e1ndola <br>\n2 &#8211; Carlos Alberto Achucarro<\/p>\n\n\n\n<p>La otra lista que competir\u00e1 en las primarias de agosto con la boleta de Lavagna tiene como candidato a Intendente a Mauricio Rodr\u00edguez, referente de Libres del Sur, con \u00c1ngela Basoalto como primera candidata a concejal. La lista completa:<\/p>\n\n\n\n<p>CANDIDATO A INTENDENTE <br>\nMauricio Rodr\u00edguez <\/p>\n\n\n\n<p>CONCEJALES TITULARES <br>\n1 &#8211; Angela Basoalto <br>\n2 &#8211; Enrique Ferroni <br>\n3 &#8211; Mariela Fernanda Bogado <br>\n4 &#8211; V\u00edctor Menendez <br>\n5 &#8211; J\u00e9sica Barrios <br>\n6 &#8211; Gustavo Laurino <br>\n7 &#8211; Mirta Fontela <br>\n8 &#8211; Roberto Sosa <br>\n9 &#8211; Carmen Rodr\u00edguez <\/p>\n\n\n\n<p>CONCEJEROS ESCOLARES TITULARES <br>\n1- Karen Fernandez<br>\n2 -Gustavo Molina<br>\n3 &#8211; Yolanda Gomez<\/p>\n\n\n\n<p><strong>Espacio Frente de Izquierda y de los Trabajadores<\/strong><br> El Frente de Izquierda y los Trabajadores tendr\u00e1 a Ademart Marabert como precandidato, referente actual del partido Obrero en nuestra ciudad. Acompa\u00f1ado por Anibal Arrighetti y Paula Leiva en la lista para el HCD. Este frente tendr\u00e1 como candidato a presidente a Nicolas Del Ca\u00f1o.<\/p>\n\n\n\n<p>INTENDENTE<br>\nAdemart Marabert<\/p>\n\n\n\n<p>CONCEJALES MUNICIPALES <br>\n1 &#8211; An\u00edbal Roberto Arrighetti <br>\n2 &#8211; Paula Elizabeth Leiva <br>\n3 &#8211; Jos\u00e9 Ismael Varela <br>\n4 &#8211; Susana Luj\u00e1n P\u00e9rez <br>\n5 &#8211; Miguel Angel Iriarte <br>\n6 &#8211; Isolina Teresa Gim\u00e9nez <br>\n7 &#8211; Marcos Javier Parra <br>\n8 &#8211; Marina Jeanette Varela <br>\n9 &#8211; Juan Antonio Escobar <\/p>\n\n\n\n<p>CONSEJEROS ESCOLARES <br>\n1 &#8211; Joaqu\u00edn M\u00e9ndez <br>\n2 &#8211; Mar\u00eda Cristina Sombra <br>\n3 &#8211; Juli\u00e1n An\u00edbal Arrighetti <\/p>\n","protected":false},"excerpt":{"rendered":"<p>Luego de semanas de negociaciones entre los espacios, de los 6 frentes que se inscribieron en la provincia, 4 tienen representaci\u00f3n local, y habr\u00e1 8 precandidatos a Intendente. Los Frentes Electorales tuvieron tiempo hasta el pasado sabado 222 de Junio hastas las 24 para presentar sus listas, en nuestra ciudad, el Frente de Todos que [&hellip;]<\/p>\n","protected":false},"author":4,"featured_media":54958,"comment_status":"open","ping_status":"closed","sticky":false,"template":"","format":"standard","meta":{"om_disable_all_campaigns":false,"_jetpack_memberships_contains_paid_content":false,"footnotes":""},"categories":[50,2,102],"tags":[],"class_list":["post-54957","post","type-post","status-publish","format-standard","has-post-thumbnail","hentry","category-destacadas","category-locales","category-politica-locales"],"aioseo_notices":[],"gutentor_comment":0,"jetpack_featured_media_url":"https:\/\/eldiariodesanpedro.com.ar\/sitio\/wp-content\/uploads\/2019\/06\/TAPA.jpg","jetpack_shortlink":"https:\/\/wp.me\/p6RhLt-eip","jetpack_sharing_enabled":true,"_links":{"self":[{"href":"https:\/\/eldiariodesanpedro.com.ar\/sitio\/wp-json\/wp\/v2\/posts\/54957","targetHints":{"allow":["GET"]}}],"collection":[{"href":"https:\/\/eldiariodesanpedro.com.ar\/sitio\/wp-json\/wp\/v2\/posts"}],"about":[{"href":"https:\/\/eldiariodesanpedro.com.ar\/sitio\/wp-json\/wp\/v2\/types\/post"}],"author":[{"embeddable":true,"href":"https:\/\/eldiariodesanpedro.com.ar\/sitio\/wp-json\/wp\/v2\/users\/4"}],"replies":[{"embeddable":true,"href":"https:\/\/eldiariodesanpedro.com.ar\/sitio\/wp-json\/wp\/v2\/comments?post=54957"}],"version-history":[{"count":1,"href":"https:\/\/eldiariodesanpedro.com.ar\/sitio\/wp-json\/wp\/v2\/posts\/54957\/revisions"}],"predecessor-version":[{"id":54959,"href":"https:\/\/eldiariodesanpedro.com.ar\/sitio\/wp-json\/wp\/v2\/posts\/54957\/revisions\/54959"}],"wp:featuredmedia":[{"embeddable":true,"href":"https:\/\/eldiariodesanpedro.com.ar\/sitio\/wp-json\/wp\/v2\/media\/54958"}],"wp:attachment":[{"href":"https:\/\/eldiariodesanpedro.com.ar\/sitio\/wp-json\/wp\/v2\/media?parent=54957"}],"wp:term":[{"taxonomy":"category","embeddable":true,"href":"https:\/\/eldiariodesanpedro.com.ar\/sitio\/wp-json\/wp\/v2\/categories?post=54957"},{"taxonomy":"post_tag","embeddable":true,"href":"https:\/\/eldiariodesanpedro.com.ar\/sitio\/wp-json\/wp\/v2\/tags?post=54957"}],"curies":[{"name":"wp","href":"https:\/\/api.w.org\/{rel}","templated":true}]}}