{"id":54951,"date":"2019-06-23T15:09:35","date_gmt":"2019-06-23T18:09:35","guid":{"rendered":"https:\/\/eldiariodesanpedro.com.ar\/sitio\/?p=54951"},"modified":"2019-06-23T15:09:39","modified_gmt":"2019-06-23T18:09:39","slug":"zarate-gendarmeria-nacional-llamo-a-inscripcion","status":"publish","type":"post","link":"https:\/\/eldiariodesanpedro.com.ar\/sitio\/zarate-gendarmeria-nacional-llamo-a-inscripcion\/","title":{"rendered":"Z\u00c1RATE: Gendarmer\u00eda Nacional llam\u00f3 a inscripci\u00f3n"},"content":{"rendered":"<!-- VideographyWP Plugin Message: Automatic video embedding prevented by plugin options. -->\n\n<p>Gendarmer\u00eda Nacional comunic\u00f3 a la poblaci\u00f3n que las inscripciones se encuentran abiertas para postulantes a cadetes y gendarmes desde del 2 de mayo hasta el 27 de septiembre del corriente a\u00f1o.<\/p>\n\n\n\n<p>Al respecto, se inform\u00f3&nbsp;los requisitos comunes de las postulaciones para ingreso como cadetes y gendarmes:<\/p>\n\n\n\n<ul class=\"wp-block-list\"><li>Edad 17 a 25 a\u00f1os (al 31 de diciembre de 2019)<\/li><li>T\u00edtulo y certificado anal\u00edtico de estudios secundarios, legalizados por el Ministerio de Educaci\u00f3n de la provincia donde finaliz\u00f3 los estudios (no se admiten t\u00edtulos plastificados) o constancia de t\u00edtulo en tr\u00e1mite (en el caso que est\u00e9 cursando el \u00faltimo a\u00f1o deber\u00e1 presentar la constancia de alumno regular que ser\u00e1 reemplazada en el mes de diciembre por la constancia de t\u00edtulo en tr\u00e1mite).<\/li><li>Toda la informaci\u00f3n relacionada a requisitos y formularios de ingreso, planes de carrera, exigencias f\u00edsicas se encuentran disponibles en la p\u00e1gina web&nbsp;oficial de Gendarmer\u00eda www.prensagendarmeria gob.ar<\/li><\/ul>\n\n\n\n<p>En tanto que los tramites de inscripci\u00f3n se realizar\u00e1n de lunes a viernes de 08:30 a 12:00 y de 17:30 a 18:30 al asiento del Escuadr\u00f3n 63 \u00abZ\u00e1rate Brazo Largo\u00bb de Gendarmer\u00eda Nacional, sito en colectora Ruta Nacional 12 km 85, Z\u00e1rate.<\/p>\n\n\n\n<p><strong>Fuente:&nbsp;<\/strong>Noticias Z\u00e1rate Alerta&nbsp;<\/p>\n","protected":false},"excerpt":{"rendered":"<p>Gendarmer\u00eda Nacional comunic\u00f3 a la poblaci\u00f3n que las inscripciones se encuentran abiertas para postulantes a cadetes y gendarmes desde del 2 de mayo hasta el 27 de septiembre del corriente a\u00f1o. Al respecto, se inform\u00f3&nbsp;los requisitos comunes de las postulaciones para ingreso como cadetes y gendarmes: Edad 17 a 25 a\u00f1os (al 31 de diciembre [&hellip;]<\/p>\n","protected":false},"author":4,"featured_media":54952,"comment_status":"open","ping_status":"closed","sticky":false,"template":"","format":"standard","meta":{"om_disable_all_campaigns":false,"_jetpack_memberships_contains_paid_content":false,"footnotes":""},"categories":[621],"tags":[],"class_list":["post-54951","post","type-post","status-publish","format-standard","has-post-thumbnail","hentry","category-regionales"],"aioseo_notices":[],"gutentor_comment":0,"jetpack_featured_media_url":"https:\/\/eldiariodesanpedro.com.ar\/sitio\/wp-content\/uploads\/2019\/06\/gn1.jpg","jetpack_shortlink":"https:\/\/wp.me\/p6RhLt-eij","jetpack_sharing_enabled":true,"_links":{"self":[{"href":"https:\/\/eldiariodesanpedro.com.ar\/sitio\/wp-json\/wp\/v2\/posts\/54951","targetHints":{"allow":["GET"]}}],"collection":[{"href":"https:\/\/eldiariodesanpedro.com.ar\/sitio\/wp-json\/wp\/v2\/posts"}],"about":[{"href":"https:\/\/eldiariodesanpedro.com.ar\/sitio\/wp-json\/wp\/v2\/types\/post"}],"author":[{"embeddable":true,"href":"https:\/\/eldiariodesanpedro.com.ar\/sitio\/wp-json\/wp\/v2\/users\/4"}],"replies":[{"embeddable":true,"href":"https:\/\/eldiariodesanpedro.com.ar\/sitio\/wp-json\/wp\/v2\/comments?post=54951"}],"version-history":[{"count":1,"href":"https:\/\/eldiariodesanpedro.com.ar\/sitio\/wp-json\/wp\/v2\/posts\/54951\/revisions"}],"predecessor-version":[{"id":54953,"href":"https:\/\/eldiariodesanpedro.com.ar\/sitio\/wp-json\/wp\/v2\/posts\/54951\/revisions\/54953"}],"wp:featuredmedia":[{"embeddable":true,"href":"https:\/\/eldiariodesanpedro.com.ar\/sitio\/wp-json\/wp\/v2\/media\/54952"}],"wp:attachment":[{"href":"https:\/\/eldiariodesanpedro.com.ar\/sitio\/wp-json\/wp\/v2\/media?parent=54951"}],"wp:term":[{"taxonomy":"category","embeddable":true,"href":"https:\/\/eldiariodesanpedro.com.ar\/sitio\/wp-json\/wp\/v2\/categories?post=54951"},{"taxonomy":"post_tag","embeddable":true,"href":"https:\/\/eldiariodesanpedro.com.ar\/sitio\/wp-json\/wp\/v2\/tags?post=54951"}],"curies":[{"name":"wp","href":"https:\/\/api.w.org\/{rel}","templated":true}]}}