{"id":54949,"date":"2019-06-23T14:45:04","date_gmt":"2019-06-23T17:45:04","guid":{"rendered":"https:\/\/eldiariodesanpedro.com.ar\/sitio\/?p=54949"},"modified":"2019-06-23T14:45:09","modified_gmt":"2019-06-23T17:45:09","slug":"se-recibieron-varias-denuncias-en-la-comisaria-local","status":"publish","type":"post","link":"https:\/\/eldiariodesanpedro.com.ar\/sitio\/se-recibieron-varias-denuncias-en-la-comisaria-local\/","title":{"rendered":"Se recibieron varias denuncias en la comisar\u00eda local"},"content":{"rendered":"<!-- VideographyWP Plugin Message: Automatic video embedding prevented by plugin options. -->\n\n<p>Este sabado alrededor de las 20 hs en Av. Ofarrell y San Mart\u00edn de la localidad de Santa Luc\u00eda, la polic\u00eda del destacamento procede aprehensi\u00f3n masculino de 23 a\u00f1os quien se le incauta de vestimenta 1 baguyo de marihuana por un gramo. <\/p>\n\n\n\n<p>El mismo d\u00eda a las 21:45 hs una mujer de 28 a\u00f1os, realiza una llamada al 911  que en Cruz Rojas al 2500, sobre la v\u00eda p\u00fablica es agredida por dos femeninas y un masculino, quien refiere problemas vecinales de larga data sufriendo heridas leves, de cualquier manera la victima no insta acci\u00f3n penal. <\/p>\n\n\n\n<p>Mas tarde de la madrugada del domingo alrededor de las 05:45 hs se recibi\u00f3 la denuncia en la comisaria local de un joven de 28 a\u00f1os, que convive con una amiga, en domicilio Miguel Porta al 2500, donde se hace presente ex pareja de \u00e9sta, quien lo amenaza verbalmente de muerte.<\/p>\n","protected":false},"excerpt":{"rendered":"<p>Este sabado alrededor de las 20 hs en Av. Ofarrell y San Mart\u00edn de la localidad de Santa Luc\u00eda, la polic\u00eda del destacamento procede aprehensi\u00f3n masculino de 23 a\u00f1os quien se le incauta de vestimenta 1 baguyo de marihuana por un gramo. El mismo d\u00eda a las 21:45 hs una mujer de 28 a\u00f1os, realiza [&hellip;]<\/p>\n","protected":false},"author":4,"featured_media":13370,"comment_status":"open","ping_status":"closed","sticky":false,"template":"","format":"standard","meta":{"om_disable_all_campaigns":false,"_jetpack_memberships_contains_paid_content":false,"footnotes":""},"categories":[2,103],"tags":[],"class_list":["post-54949","post","type-post","status-publish","format-standard","has-post-thumbnail","hentry","category-locales","category-policiales-locales"],"aioseo_notices":[],"gutentor_comment":0,"jetpack_featured_media_url":"https:\/\/eldiariodesanpedro.com.ar\/sitio\/wp-content\/uploads\/2017\/01\/Patrulla-2-e1485286083962.jpg","jetpack_shortlink":"https:\/\/wp.me\/p6RhLt-eih","jetpack_sharing_enabled":true,"_links":{"self":[{"href":"https:\/\/eldiariodesanpedro.com.ar\/sitio\/wp-json\/wp\/v2\/posts\/54949","targetHints":{"allow":["GET"]}}],"collection":[{"href":"https:\/\/eldiariodesanpedro.com.ar\/sitio\/wp-json\/wp\/v2\/posts"}],"about":[{"href":"https:\/\/eldiariodesanpedro.com.ar\/sitio\/wp-json\/wp\/v2\/types\/post"}],"author":[{"embeddable":true,"href":"https:\/\/eldiariodesanpedro.com.ar\/sitio\/wp-json\/wp\/v2\/users\/4"}],"replies":[{"embeddable":true,"href":"https:\/\/eldiariodesanpedro.com.ar\/sitio\/wp-json\/wp\/v2\/comments?post=54949"}],"version-history":[{"count":1,"href":"https:\/\/eldiariodesanpedro.com.ar\/sitio\/wp-json\/wp\/v2\/posts\/54949\/revisions"}],"predecessor-version":[{"id":54950,"href":"https:\/\/eldiariodesanpedro.com.ar\/sitio\/wp-json\/wp\/v2\/posts\/54949\/revisions\/54950"}],"wp:featuredmedia":[{"embeddable":true,"href":"https:\/\/eldiariodesanpedro.com.ar\/sitio\/wp-json\/wp\/v2\/media\/13370"}],"wp:attachment":[{"href":"https:\/\/eldiariodesanpedro.com.ar\/sitio\/wp-json\/wp\/v2\/media?parent=54949"}],"wp:term":[{"taxonomy":"category","embeddable":true,"href":"https:\/\/eldiariodesanpedro.com.ar\/sitio\/wp-json\/wp\/v2\/categories?post=54949"},{"taxonomy":"post_tag","embeddable":true,"href":"https:\/\/eldiariodesanpedro.com.ar\/sitio\/wp-json\/wp\/v2\/tags?post=54949"}],"curies":[{"name":"wp","href":"https:\/\/api.w.org\/{rel}","templated":true}]}}