{"id":54947,"date":"2019-06-23T14:31:05","date_gmt":"2019-06-23T17:31:05","guid":{"rendered":"https:\/\/eldiariodesanpedro.com.ar\/sitio\/?p=54947"},"modified":"2019-06-23T14:31:09","modified_gmt":"2019-06-23T17:31:09","slug":"varios-hechos-delictivos","status":"publish","type":"post","link":"https:\/\/eldiariodesanpedro.com.ar\/sitio\/varios-hechos-delictivos\/","title":{"rendered":"Varios hechos delictivos"},"content":{"rendered":"<!-- VideographyWP Plugin Message: Automatic video embedding prevented by plugin options. -->\n\n<p>Durante este sabado ocurrieron varios hechos delictivos que fueron informados a trav\u00e9s de denuncias realizadas en la comisaria local.<\/p>\n\n\n\n<p>Este sabado alrededor de las 15:10 hs se recibi\u00f3 la denuncia de de una femenina de 24 a\u00f1os en la comisar\u00eda local, que sobre la vereda de domicilio calle 3 de Febrero altura 1200, sujetos ignorados mediante intimidaci\u00f3n de arma blanca sustraen un tel\u00e9fono celular Samsung.<\/p>\n\n\n\n<p>Este sabado alrededor de la 02:15 hs una mujer de 25 a\u00f1os, que en Benefactora Sampedrina al 600, sobre la v\u00eda p\u00fablica de su domicilio sujetos ignorados le sustraen motocicleta motomel 110cc, sin ejercer violencia que se hallaba estacionada.<\/p>\n\n\n\n<p>Este sabado en horas de la madrugada alrededor de las 05:20 hs  una femenina de 24 a\u00f1os, realiza una denuncia a trav\u00e9s del 911 que sujetos ignorados en su ausencia ingresan a su domicilio ubicado en Sgto Selada al 500 tras violentar puerta y sustraen electrodom\u00e9sticos varios.<\/p>\n","protected":false},"excerpt":{"rendered":"<p>Durante este sabado ocurrieron varios hechos delictivos que fueron informados a trav\u00e9s de denuncias realizadas en la comisaria local. Este sabado alrededor de las 15:10 hs se recibi\u00f3 la denuncia de de una femenina de 24 a\u00f1os en la comisar\u00eda local, que sobre la vereda de domicilio calle 3 de Febrero altura 1200, sujetos ignorados [&hellip;]<\/p>\n","protected":false},"author":4,"featured_media":45394,"comment_status":"open","ping_status":"closed","sticky":false,"template":"","format":"standard","meta":{"om_disable_all_campaigns":false,"_jetpack_memberships_contains_paid_content":false,"footnotes":""},"categories":[2,103],"tags":[],"class_list":["post-54947","post","type-post","status-publish","format-standard","has-post-thumbnail","hentry","category-locales","category-policiales-locales"],"aioseo_notices":[],"gutentor_comment":0,"jetpack_featured_media_url":"https:\/\/eldiariodesanpedro.com.ar\/sitio\/wp-content\/uploads\/2019\/01\/comisaria.jpg","jetpack_shortlink":"https:\/\/wp.me\/p6RhLt-eif","jetpack_sharing_enabled":true,"_links":{"self":[{"href":"https:\/\/eldiariodesanpedro.com.ar\/sitio\/wp-json\/wp\/v2\/posts\/54947","targetHints":{"allow":["GET"]}}],"collection":[{"href":"https:\/\/eldiariodesanpedro.com.ar\/sitio\/wp-json\/wp\/v2\/posts"}],"about":[{"href":"https:\/\/eldiariodesanpedro.com.ar\/sitio\/wp-json\/wp\/v2\/types\/post"}],"author":[{"embeddable":true,"href":"https:\/\/eldiariodesanpedro.com.ar\/sitio\/wp-json\/wp\/v2\/users\/4"}],"replies":[{"embeddable":true,"href":"https:\/\/eldiariodesanpedro.com.ar\/sitio\/wp-json\/wp\/v2\/comments?post=54947"}],"version-history":[{"count":1,"href":"https:\/\/eldiariodesanpedro.com.ar\/sitio\/wp-json\/wp\/v2\/posts\/54947\/revisions"}],"predecessor-version":[{"id":54948,"href":"https:\/\/eldiariodesanpedro.com.ar\/sitio\/wp-json\/wp\/v2\/posts\/54947\/revisions\/54948"}],"wp:featuredmedia":[{"embeddable":true,"href":"https:\/\/eldiariodesanpedro.com.ar\/sitio\/wp-json\/wp\/v2\/media\/45394"}],"wp:attachment":[{"href":"https:\/\/eldiariodesanpedro.com.ar\/sitio\/wp-json\/wp\/v2\/media?parent=54947"}],"wp:term":[{"taxonomy":"category","embeddable":true,"href":"https:\/\/eldiariodesanpedro.com.ar\/sitio\/wp-json\/wp\/v2\/categories?post=54947"},{"taxonomy":"post_tag","embeddable":true,"href":"https:\/\/eldiariodesanpedro.com.ar\/sitio\/wp-json\/wp\/v2\/tags?post=54947"}],"curies":[{"name":"wp","href":"https:\/\/api.w.org\/{rel}","templated":true}]}}