{"id":54944,"date":"2019-06-22T12:37:59","date_gmt":"2019-06-22T15:37:59","guid":{"rendered":"https:\/\/eldiariodesanpedro.com.ar\/sitio\/?p=54944"},"modified":"2019-06-22T12:38:04","modified_gmt":"2019-06-22T15:38:04","slug":"elecciones-2019-8-precandidatos-a-intendentes-en-san-pedro","status":"publish","type":"post","link":"https:\/\/eldiariodesanpedro.com.ar\/sitio\/elecciones-2019-8-precandidatos-a-intendentes-en-san-pedro\/","title":{"rendered":"Elecciones 2019: 8 precandidatos a intendentes en San Pedro"},"content":{"rendered":"<!-- VideographyWP Plugin Message: Automatic video embedding prevented by plugin options. -->\n\n<p>A horas del cierre de lista de la elecciones primarias para este 11 de agosto,  <br>luego de semanas de negociaciones entre los espacios, de los 6 frentes que se inscribieron en la provincia, 4 tienen representaci\u00f3n local.<\/p>\n\n\n\n<p>Los Frentes Electorales tendr\u00e1n tiempo hasta hoy sabado a las 12 de la noche para presentar sus listas, en nuestra ciudad, el Frente de Todos  <br>que encabeza a nivel nacional Alberto Fern\u00e1ndez y Cristina Fern\u00e1ndez de Kirchner tiene una interna de 4 precandidatos, hasta ahora,  quienes encabezan las listas compitiendo \u00abEster Noat, Marcos Arana, Eduardo Estelrrich y  Luciano Juhant \u00ab. Consenso Federal de Lavagna y Uturbey tiene internas con 1 candidato. El Frente de Izquierda no sumo internas y el oficialismo tampoco.<\/p>\n\n\n\n<p>Espacio Frente de Todos: \u00abInternas\u00bb<\/p>\n\n\n\n<p>Ester Noat sera  precandidata a Intendente junto a  Florencia S\u00e1nchez, actual concejal quien encabezara la lista del HCD, seguida por Juan Cruz Gonz\u00e1lez y Tamara Vlaeminck.&nbsp; <\/p>\n\n\n\n<p>Este espacio competir\u00e1, con la ya anunciada precandidatura de Marcos Arana a la Intendencia, en una lista que ser\u00eda encabezada por la ex concejal Cecilia V\u00e1zquez y  el ex concejal Fabi\u00e1n Artenzio.&nbsp; <\/p>\n\n\n\n<p>Tambi\u00e9n participara en la competencia Luciano Juhant con su lista a la intendencia, acompa\u00f1ado por Juancho Correa como primer concejal, Norma Beatr\u00edz Rodr\u00edguez y C\u00e9sar Cejas.&nbsp; <\/p>\n\n\n\n<p>Por ultimo, el peronista \u00ab\u00d1ato\u00bb Estelrrich sera precandidato a Intendente acompa\u00f1ado por el ex concejal Horacio Neyra quien ocupar\u00e1 el primer lugar al Concejo Deliberante. <\/p>\n\n\n\n<p> El socialismo tiene su definici\u00f3n de cara a las PASO, la lista del HCD sera encabezada por la que ex precandidata a Diputada Provincial&nbsp; Karina Salvarreguy y el exconcejal Am\u00e9rico \u00abCacho\u00bb Quintana,  quien buscara nuevamente renovar una banca en el poder legislativo, acompa\u00f1ando a Fernando Nouet como precandidato a Intendente.<\/p>\n\n\n\n<p>Cecilio Salazar buscara su reelecci\u00f3n en el oficialismo Juntos por El Cambio, acompa\u00f1ado de su hijo Ram\u00f3n Salazar, Secretario de Coordinaci\u00f3n encabezando la lista junto a Monica Otero, en segundo lugar, actual presidenta del Concejo Deliberante.<\/p>\n\n\n\n<p>El Frente de Izquierda y los Trabajadores tendr\u00e1 a Ademart Marabert como precandidato, referente actual del partido Obrero en nuestra ciudad. Acompa\u00f1ado por Anibal Arrighetti y Paula Leiva en la lista para el HCD.<\/p>\n","protected":false},"excerpt":{"rendered":"<p>A horas del cierre de lista de la elecciones primarias para este 11 de agosto, luego de semanas de negociaciones entre los espacios, de los 6 frentes que se inscribieron en la provincia, 4 tienen representaci\u00f3n local. Los Frentes Electorales tendr\u00e1n tiempo hasta hoy sabado a las 12 de la noche para presentar sus listas, [&hellip;]<\/p>\n","protected":false},"author":4,"featured_media":54945,"comment_status":"open","ping_status":"closed","sticky":false,"template":"","format":"standard","meta":{"om_disable_all_campaigns":false,"_jetpack_memberships_contains_paid_content":false,"footnotes":""},"categories":[2,102],"tags":[],"class_list":["post-54944","post","type-post","status-publish","format-standard","has-post-thumbnail","hentry","category-locales","category-politica-locales"],"aioseo_notices":[],"gutentor_comment":0,"jetpack_featured_media_url":"https:\/\/eldiariodesanpedro.com.ar\/sitio\/wp-content\/uploads\/2019\/06\/foto-elecciones-1280x548.jpg","jetpack_shortlink":"https:\/\/wp.me\/p6RhLt-eic","jetpack_sharing_enabled":true,"_links":{"self":[{"href":"https:\/\/eldiariodesanpedro.com.ar\/sitio\/wp-json\/wp\/v2\/posts\/54944","targetHints":{"allow":["GET"]}}],"collection":[{"href":"https:\/\/eldiariodesanpedro.com.ar\/sitio\/wp-json\/wp\/v2\/posts"}],"about":[{"href":"https:\/\/eldiariodesanpedro.com.ar\/sitio\/wp-json\/wp\/v2\/types\/post"}],"author":[{"embeddable":true,"href":"https:\/\/eldiariodesanpedro.com.ar\/sitio\/wp-json\/wp\/v2\/users\/4"}],"replies":[{"embeddable":true,"href":"https:\/\/eldiariodesanpedro.com.ar\/sitio\/wp-json\/wp\/v2\/comments?post=54944"}],"version-history":[{"count":1,"href":"https:\/\/eldiariodesanpedro.com.ar\/sitio\/wp-json\/wp\/v2\/posts\/54944\/revisions"}],"predecessor-version":[{"id":54946,"href":"https:\/\/eldiariodesanpedro.com.ar\/sitio\/wp-json\/wp\/v2\/posts\/54944\/revisions\/54946"}],"wp:featuredmedia":[{"embeddable":true,"href":"https:\/\/eldiariodesanpedro.com.ar\/sitio\/wp-json\/wp\/v2\/media\/54945"}],"wp:attachment":[{"href":"https:\/\/eldiariodesanpedro.com.ar\/sitio\/wp-json\/wp\/v2\/media?parent=54944"}],"wp:term":[{"taxonomy":"category","embeddable":true,"href":"https:\/\/eldiariodesanpedro.com.ar\/sitio\/wp-json\/wp\/v2\/categories?post=54944"},{"taxonomy":"post_tag","embeddable":true,"href":"https:\/\/eldiariodesanpedro.com.ar\/sitio\/wp-json\/wp\/v2\/tags?post=54944"}],"curies":[{"name":"wp","href":"https:\/\/api.w.org\/{rel}","templated":true}]}}