{"id":54941,"date":"2019-06-22T11:38:32","date_gmt":"2019-06-22T14:38:32","guid":{"rendered":"https:\/\/eldiariodesanpedro.com.ar\/sitio\/?p=54941"},"modified":"2019-06-22T11:38:36","modified_gmt":"2019-06-22T14:38:36","slug":"baradero-le-pegaron-un-piedrazo-en-el-ojo-a-un-menor","status":"publish","type":"post","link":"https:\/\/eldiariodesanpedro.com.ar\/sitio\/baradero-le-pegaron-un-piedrazo-en-el-ojo-a-un-menor\/","title":{"rendered":"BARADERO: Le pegaron un piedrazo en el ojo a un menor"},"content":{"rendered":"<!-- VideographyWP Plugin Message: Automatic video embedding prevented by plugin options. -->\n\n<p>El hecho ocurri\u00f3 en la v\u00eda publica, de la ciudad vecina, el ni\u00f1o se dirig\u00eda con su mama por calle Jose Maria Paz al 500 cuando fue sorprendido por un joven de 17 a\u00f1os quien le propino un piedrazo con una gomera provocandole una importante herida en el ojo.<\/p>\n\n\n\n<p>Como consecuencia de este grave hecho, el ni\u00f1o fue llevado al hospital r\u00e1pidamente donde le realizaron las curaciones pertinentes, donde ademas confirmo el personal medico que su vista, afortunadamente, no fue afectada.<\/p>\n\n\n\n<p>Un familiar del menor, indignado, expreso su queja a un medio radial \u00abla polic\u00eda nunca llego al lugar para ver que hab\u00eda pasado, recibi\u00f3 un gomerazo en el ojo, el agresor escapo\u00bb.<\/p>\n\n\n\n<p>Foto: Tu Linea Directa<\/p>\n\n\n\n<p><br><\/p>\n","protected":false},"excerpt":{"rendered":"<p>El hecho ocurri\u00f3 en la v\u00eda publica, de la ciudad vecina, el ni\u00f1o se dirig\u00eda con su mama por calle Jose Maria Paz al 500 cuando fue sorprendido por un joven de 17 a\u00f1os quien le propino un piedrazo con una gomera provocandole una importante herida en el ojo. Como consecuencia de este grave hecho, [&hellip;]<\/p>\n","protected":false},"author":4,"featured_media":54942,"comment_status":"open","ping_status":"closed","sticky":false,"template":"","format":"standard","meta":{"om_disable_all_campaigns":false,"_jetpack_memberships_contains_paid_content":false,"footnotes":""},"categories":[621],"tags":[],"class_list":["post-54941","post","type-post","status-publish","format-standard","has-post-thumbnail","hentry","category-regionales"],"aioseo_notices":[],"gutentor_comment":0,"jetpack_featured_media_url":"https:\/\/eldiariodesanpedro.com.ar\/sitio\/wp-content\/uploads\/2019\/06\/64714346_2064122437230856_3109283523161227264_n.jpg","jetpack_shortlink":"https:\/\/wp.me\/p6RhLt-ei9","jetpack_sharing_enabled":true,"_links":{"self":[{"href":"https:\/\/eldiariodesanpedro.com.ar\/sitio\/wp-json\/wp\/v2\/posts\/54941","targetHints":{"allow":["GET"]}}],"collection":[{"href":"https:\/\/eldiariodesanpedro.com.ar\/sitio\/wp-json\/wp\/v2\/posts"}],"about":[{"href":"https:\/\/eldiariodesanpedro.com.ar\/sitio\/wp-json\/wp\/v2\/types\/post"}],"author":[{"embeddable":true,"href":"https:\/\/eldiariodesanpedro.com.ar\/sitio\/wp-json\/wp\/v2\/users\/4"}],"replies":[{"embeddable":true,"href":"https:\/\/eldiariodesanpedro.com.ar\/sitio\/wp-json\/wp\/v2\/comments?post=54941"}],"version-history":[{"count":1,"href":"https:\/\/eldiariodesanpedro.com.ar\/sitio\/wp-json\/wp\/v2\/posts\/54941\/revisions"}],"predecessor-version":[{"id":54943,"href":"https:\/\/eldiariodesanpedro.com.ar\/sitio\/wp-json\/wp\/v2\/posts\/54941\/revisions\/54943"}],"wp:featuredmedia":[{"embeddable":true,"href":"https:\/\/eldiariodesanpedro.com.ar\/sitio\/wp-json\/wp\/v2\/media\/54942"}],"wp:attachment":[{"href":"https:\/\/eldiariodesanpedro.com.ar\/sitio\/wp-json\/wp\/v2\/media?parent=54941"}],"wp:term":[{"taxonomy":"category","embeddable":true,"href":"https:\/\/eldiariodesanpedro.com.ar\/sitio\/wp-json\/wp\/v2\/categories?post=54941"},{"taxonomy":"post_tag","embeddable":true,"href":"https:\/\/eldiariodesanpedro.com.ar\/sitio\/wp-json\/wp\/v2\/tags?post=54941"}],"curies":[{"name":"wp","href":"https:\/\/api.w.org\/{rel}","templated":true}]}}