{"id":54938,"date":"2019-06-22T11:26:48","date_gmt":"2019-06-22T14:26:48","guid":{"rendered":"https:\/\/eldiariodesanpedro.com.ar\/sitio\/?p=54938"},"modified":"2019-06-22T11:26:52","modified_gmt":"2019-06-22T14:26:52","slug":"san-nicolas-condenaron-a-un-ex-policia-por-dos-robos-a-mano-armada","status":"publish","type":"post","link":"https:\/\/eldiariodesanpedro.com.ar\/sitio\/san-nicolas-condenaron-a-un-ex-policia-por-dos-robos-a-mano-armada\/","title":{"rendered":"SAN NICOLAS: Condenaron a un ex polic\u00eda por dos robos a mano armada"},"content":{"rendered":"<!-- VideographyWP Plugin Message: Automatic video embedding prevented by plugin options. -->\n\n<p>\n\nLa Sra. Juez del Tribunal en lo Criminal Nro. 1, Dra. Mar\u00eda Bel\u00e9n Oc\u00e1riz, resolvi\u00f3 condenar a Carlos Oscar Cardozo, como autor penalmente responsable de los delitos de robo calificado por uso de arma ofensiva y por su calidad de funcionario policial -dos hechos- en concurso real, en los t\u00e9rminos de los art\u00edculos 166 inciso 2do. p\u00e1rrafo 2do., 167bis y 55 del C\u00f3digo Penal, a la pena de ocho a\u00f1os y once meses de prisi\u00f3n e inhabilitaci\u00f3n especial para ejercer la funci\u00f3n de polic\u00eda por igual t\u00e9rmino.<\/p>\n\n\n\n<p>El 19 de septiembre de 2016 aproximadamente a las 5.40, Carlos Oscar Cardozo, Emmanuel Ariel Gallardo y Cristian Oscar Mart\u00ednez, estos dos \u00faltimos ya condenados con sentencia firme, quienes se movilizaban a bordo de un autom\u00f3vil Renault Cl\u00edo de color gris, interceptaron a Alcides, quien circulaba a pie por avenida Falc\u00f3n entre Col\u00f3n y Alem de San Nicol\u00e1s, descendiendo uno de ellos, quien tom\u00f3 por la espalda a Alcides mientras otro, desde la ventanilla trasera del rodado, lo intimidaba apunt\u00e1ndolo con una pistola calibre 9mm, siendo \u00e9sta el arma reglamentaria que detentaba Cardozo por su condici\u00f3n de funcionario policial y que Gallardo y Mart\u00ednez portaban en condiciones de normal funcionamiento y sin la debida autorizaci\u00f3n legal, logrando as\u00ed apoderarse ileg\u00edtimamente de un bolso negro que conten\u00eda un equipo de combate del Ej\u00e9rcito, uniforme y dem\u00e1s prendas de vestir, s\u00e1banas, toallas, documentaci\u00f3n y dem\u00e1s efectos personales de la v\u00edctima, d\u00e1ndose a la fuga en el rodado.<\/p>\n\n\n\n<p>Ese mismo d\u00eda aproximadamente a las 7.10, Carlos Oscar Cardozo, Emmanuel Ariel Gallardo y Cristian Oscar Mart\u00ednez, quienes se movilizaban a bordo de un autom\u00f3vil Renault Cl\u00edo de color gris, interceptaron a Daniela y a su hija Mar\u00eda Luc\u00eda, quienes transitaban a pie por calle Chacabuco, en cercan\u00edas con su intersecci\u00f3n con calle Le\u00f3n Guruciaga de San Nicol\u00e1s, descendiendo uno de ellos, y mediante intimidaci\u00f3n ejercida respecto de las nombradas con el arma descripta en el hecho anterior, se apoderaron ileg\u00edtimamente de una cartera de cuero con documentaci\u00f3n, un tel\u00e9fono celular marca Alcatel, tarjetas de cr\u00e9dito y d\u00e9bito, un uniforme de trabajo de la empresa G4S y dem\u00e1s efectos personales, d\u00e1ndose a la fuga en el rodado.<\/p>\n\n\n\n<p>Fuente: Diario El Norte<\/p>\n","protected":false},"excerpt":{"rendered":"<p>La Sra. Juez del Tribunal en lo Criminal Nro. 1, Dra. Mar\u00eda Bel\u00e9n Oc\u00e1riz, resolvi\u00f3 condenar a Carlos Oscar Cardozo, como autor penalmente responsable de los delitos de robo calificado por uso de arma ofensiva y por su calidad de funcionario policial -dos hechos- en concurso real, en los t\u00e9rminos de los art\u00edculos 166 inciso [&hellip;]<\/p>\n","protected":false},"author":4,"featured_media":54939,"comment_status":"open","ping_status":"closed","sticky":false,"template":"","format":"standard","meta":{"om_disable_all_campaigns":false,"_jetpack_memberships_contains_paid_content":false,"footnotes":""},"categories":[621],"tags":[],"class_list":["post-54938","post","type-post","status-publish","format-standard","has-post-thumbnail","hentry","category-regionales"],"aioseo_notices":[],"gutentor_comment":0,"jetpack_featured_media_url":"https:\/\/eldiariodesanpedro.com.ar\/sitio\/wp-content\/uploads\/2019\/06\/0_83.jpg","jetpack_shortlink":"https:\/\/wp.me\/p6RhLt-ei6","jetpack_sharing_enabled":true,"_links":{"self":[{"href":"https:\/\/eldiariodesanpedro.com.ar\/sitio\/wp-json\/wp\/v2\/posts\/54938","targetHints":{"allow":["GET"]}}],"collection":[{"href":"https:\/\/eldiariodesanpedro.com.ar\/sitio\/wp-json\/wp\/v2\/posts"}],"about":[{"href":"https:\/\/eldiariodesanpedro.com.ar\/sitio\/wp-json\/wp\/v2\/types\/post"}],"author":[{"embeddable":true,"href":"https:\/\/eldiariodesanpedro.com.ar\/sitio\/wp-json\/wp\/v2\/users\/4"}],"replies":[{"embeddable":true,"href":"https:\/\/eldiariodesanpedro.com.ar\/sitio\/wp-json\/wp\/v2\/comments?post=54938"}],"version-history":[{"count":1,"href":"https:\/\/eldiariodesanpedro.com.ar\/sitio\/wp-json\/wp\/v2\/posts\/54938\/revisions"}],"predecessor-version":[{"id":54940,"href":"https:\/\/eldiariodesanpedro.com.ar\/sitio\/wp-json\/wp\/v2\/posts\/54938\/revisions\/54940"}],"wp:featuredmedia":[{"embeddable":true,"href":"https:\/\/eldiariodesanpedro.com.ar\/sitio\/wp-json\/wp\/v2\/media\/54939"}],"wp:attachment":[{"href":"https:\/\/eldiariodesanpedro.com.ar\/sitio\/wp-json\/wp\/v2\/media?parent=54938"}],"wp:term":[{"taxonomy":"category","embeddable":true,"href":"https:\/\/eldiariodesanpedro.com.ar\/sitio\/wp-json\/wp\/v2\/categories?post=54938"},{"taxonomy":"post_tag","embeddable":true,"href":"https:\/\/eldiariodesanpedro.com.ar\/sitio\/wp-json\/wp\/v2\/tags?post=54938"}],"curies":[{"name":"wp","href":"https:\/\/api.w.org\/{rel}","templated":true}]}}