{"id":54935,"date":"2019-06-22T11:22:07","date_gmt":"2019-06-22T14:22:07","guid":{"rendered":"https:\/\/eldiariodesanpedro.com.ar\/sitio\/?p=54935"},"modified":"2019-06-22T11:22:11","modified_gmt":"2019-06-22T14:22:11","slug":"campana-una-mujer-se-quito-la-vida-frente-a-la-tumba-de-su-padre","status":"publish","type":"post","link":"https:\/\/eldiariodesanpedro.com.ar\/sitio\/campana-una-mujer-se-quito-la-vida-frente-a-la-tumba-de-su-padre\/","title":{"rendered":"CAMPANA: Una mujer se quit\u00f3 la vida frente a la tumba de su padre"},"content":{"rendered":"<!-- VideographyWP Plugin Message: Automatic video embedding prevented by plugin options. -->\n\n<p> La dr\u00e1stica decisi\u00f3n fue tomada en horas de la tarde de ayer. La v\u00edctima ten\u00eda 30 a\u00f1os, y fue hallada por personal del cementerio junto a una pistola 9 mm con la que se hab\u00eda disparado.<\/p>\n\n\n\n<p>\n\nUn dram\u00e1tico hecho tuvo lugar en horas de la tarde de ayer, cuando una joven mujer de unos 30 a\u00f1os se suicid\u00f3 frente a la tumba de su padre, en la necr\u00f3polis municipal.<\/p>\n\n\n\n<p>Se trata de Yamila Marisol Alcaraz, una vecina que viv\u00eda en la calle Saavedra al 900. Su cuerpo fue hallado por personal municipal que se desempe\u00f1a en el cementerio. Junto a ella, tambi\u00e9n se encontr\u00f3 una pistola Bersa 9 mm con la que se dispar\u00f3.<\/p>\n\n\n\n<p>Una ambulancia del Same se hizo presente en el lugar, pero nada pudo hacer ya que la joven se encontraba sin signos vitales. Tres patrulleros se hicieron cargo de la escena. Los primeros peritajes indicaron que el disparo se produjo en la boca, falleciendo la v\u00edctima en el acto. <\/p>\n\n\n\n<p>Fuente: Campana Noticias<\/p>\n\n\n\n<p><br><\/p>\n","protected":false},"excerpt":{"rendered":"<p>La dr\u00e1stica decisi\u00f3n fue tomada en horas de la tarde de ayer. La v\u00edctima ten\u00eda 30 a\u00f1os, y fue hallada por personal del cementerio junto a una pistola 9 mm con la que se hab\u00eda disparado. Un dram\u00e1tico hecho tuvo lugar en horas de la tarde de ayer, cuando una joven mujer de unos 30 [&hellip;]<\/p>\n","protected":false},"author":4,"featured_media":54936,"comment_status":"open","ping_status":"closed","sticky":false,"template":"","format":"standard","meta":{"om_disable_all_campaigns":false,"_jetpack_memberships_contains_paid_content":false,"footnotes":""},"categories":[621],"tags":[],"class_list":["post-54935","post","type-post","status-publish","format-standard","has-post-thumbnail","hentry","category-regionales"],"aioseo_notices":[],"gutentor_comment":0,"jetpack_featured_media_url":"https:\/\/eldiariodesanpedro.com.ar\/sitio\/wp-content\/uploads\/2019\/06\/20190622101600.jpg","jetpack_shortlink":"https:\/\/wp.me\/p6RhLt-ei3","jetpack_sharing_enabled":true,"_links":{"self":[{"href":"https:\/\/eldiariodesanpedro.com.ar\/sitio\/wp-json\/wp\/v2\/posts\/54935","targetHints":{"allow":["GET"]}}],"collection":[{"href":"https:\/\/eldiariodesanpedro.com.ar\/sitio\/wp-json\/wp\/v2\/posts"}],"about":[{"href":"https:\/\/eldiariodesanpedro.com.ar\/sitio\/wp-json\/wp\/v2\/types\/post"}],"author":[{"embeddable":true,"href":"https:\/\/eldiariodesanpedro.com.ar\/sitio\/wp-json\/wp\/v2\/users\/4"}],"replies":[{"embeddable":true,"href":"https:\/\/eldiariodesanpedro.com.ar\/sitio\/wp-json\/wp\/v2\/comments?post=54935"}],"version-history":[{"count":1,"href":"https:\/\/eldiariodesanpedro.com.ar\/sitio\/wp-json\/wp\/v2\/posts\/54935\/revisions"}],"predecessor-version":[{"id":54937,"href":"https:\/\/eldiariodesanpedro.com.ar\/sitio\/wp-json\/wp\/v2\/posts\/54935\/revisions\/54937"}],"wp:featuredmedia":[{"embeddable":true,"href":"https:\/\/eldiariodesanpedro.com.ar\/sitio\/wp-json\/wp\/v2\/media\/54936"}],"wp:attachment":[{"href":"https:\/\/eldiariodesanpedro.com.ar\/sitio\/wp-json\/wp\/v2\/media?parent=54935"}],"wp:term":[{"taxonomy":"category","embeddable":true,"href":"https:\/\/eldiariodesanpedro.com.ar\/sitio\/wp-json\/wp\/v2\/categories?post=54935"},{"taxonomy":"post_tag","embeddable":true,"href":"https:\/\/eldiariodesanpedro.com.ar\/sitio\/wp-json\/wp\/v2\/tags?post=54935"}],"curies":[{"name":"wp","href":"https:\/\/api.w.org\/{rel}","templated":true}]}}