{"id":54932,"date":"2019-06-22T11:19:21","date_gmt":"2019-06-22T14:19:21","guid":{"rendered":"https:\/\/eldiariodesanpedro.com.ar\/sitio\/?p=54932"},"modified":"2019-06-22T11:19:26","modified_gmt":"2019-06-22T14:19:26","slug":"zarate-amplia-la-secretaria-de-salud-y-suma-mas-consultorios","status":"publish","type":"post","link":"https:\/\/eldiariodesanpedro.com.ar\/sitio\/zarate-amplia-la-secretaria-de-salud-y-suma-mas-consultorios\/","title":{"rendered":"Z\u00e1rate ampl\u00eda la Secretar\u00eda de Salud y suma m\u00e1s consultorios"},"content":{"rendered":"<!-- VideographyWP Plugin Message: Automatic video embedding prevented by plugin options. -->\n\n<p>\n\nEl Municipio de Z\u00e1rate present\u00f3 los nuevos m\u00f3dulos-oficinas que tendr\u00e1 la Secretar\u00eda de Salud que se utilizar\u00e1n para el \u00e1rea administrativa y que as\u00ed sumar\u00e1 dos consultorios para atenci\u00f3n al vecino.<\/p>\n\n\n\n<p>Los Consultorios Externos del Hospital Intermedio Municipal Dr. Ren\u00e9 Favaloro incorporar\u00e1 dos nuevos espacios para la atenci\u00f3n al vecino. Estos consultorios eran utilizados en la parte administrativa de la Secretar\u00eda de Salud, que se trasladar\u00e1n a la nueva estructura que incorpor\u00f3 el Hospital.<\/p>\n\n\n\n<p>El Intendente Osvaldo C\u00e1ffaro junto a la Secretaria de Salud Dra. Rosana N\u00fa\u00f1ez, el Director del Hospital Dr. Diego Fiocchi y el Director de Discapacidades y Salud Mental Gustavo Paredes, recorrieron los nuevos m\u00f3dulos-oficinas que servir\u00e1 para descomprimir los Consultorios Externos.<\/p>\n\n\n\n<p>El Intendente C\u00e1ffaro manifest\u00f3: \u201cEs un orgullo para m\u00ed representar un \u00e1rea tan importante y que ha tenido un crecimiento tan fuerte. Esto va de la mano de las necesidades que tiene la comunidad, gracias a nuestras decisiones podemos atender un demanda que hubiera quedado desprovista de todo\u201d.<\/p>\n\n\n\n<p>\u201cLa demanda va creciendo y la realidad es cada vez m\u00e1s compleja. Por eso decidimos esta ampliaci\u00f3n que nos permite descomprimir la Secretaria y utilizar consultorios que estaban siendo administrativos para atenci\u00f3n m\u00e9dica\u201d, sostuvo el Jefe Comunal tras el recorrido de las oficinas.<\/p>\n\n\n\n<p>Adem\u00e1s, realiz\u00f3 un an\u00e1lisis del presente respecto a trabajo en la salud: \u201cNuestro Hospital Intermedio tiene un l\u00edmite y siempre lo charlamos con la Secretaria de Salud. Cada vez m\u00e1s hay un aumento de vecinos que pierden su obra social y hay personas que no son atendidas porque el Hospital provincial no tiene el equipamiento, los profesionales o los medicamentos, y las mismas son absorbidas por el Hospital municipal\u201d.<\/p>\n\n\n\n<p>Y afirm\u00f3: \u201cAspiramos a que haya un cambio para que la Provincia tome medidas y tenga un Hospital u Hospitales en las condiciones que tienen que estar\u201d.<\/p>\n\n\n\n<p>La Dra. Rosana N\u00fa\u00f1ez, explic\u00f3: \u201cEsta ampliaci\u00f3n se da en el marco de la decisi\u00f3n pol\u00edtica del Intendente de incorporar nuevos profesionales ante la gran demanda de vecinos y debimos armar nuevos m\u00f3dulos para crecer en cuanto a consultorios\u201d.<\/p>\n\n\n\n<p>\u201cLiberamos dos consultorios donde tendremos nuevas especialidades y por otro lado liberar otras oficinas que est\u00e1n dentro de la guardia, lo que se utilizar\u00e1 como habitaciones\u201d agreg\u00f3 la Secretaria de Salud.<\/p>\n\n\n\n<p>Por otro lado, cont\u00f3: \u201cHabilitamos una oficina que ser\u00e1 la de Gesti\u00f3n del Paciente donde se atiende a los vecinos que asisten en b\u00fasqueda de un medicamento, una pr\u00f3tesis, entre otras\u201d.<\/p>\n\n\n\n<p>Por \u00faltimo, el Intendente C\u00e1ffaro sostuvo: \u201cEste proceso de m\u00e1s superficie en el Hospital Intermedio se da en el medio de un contexto totalmente adverso debido a que las pol\u00edticas p\u00fablicas de este gobierno van en otra direcci\u00f3n a las nuestras, que son seguir creciendo y seguir invirtiendo\u201d.<\/p>\n\n\n\n<p>Fuente: Impacto Local<\/p>\n","protected":false},"excerpt":{"rendered":"<p>El Municipio de Z\u00e1rate present\u00f3 los nuevos m\u00f3dulos-oficinas que tendr\u00e1 la Secretar\u00eda de Salud que se utilizar\u00e1n para el \u00e1rea administrativa y que as\u00ed sumar\u00e1 dos consultorios para atenci\u00f3n al vecino. Los Consultorios Externos del Hospital Intermedio Municipal Dr. Ren\u00e9 Favaloro incorporar\u00e1 dos nuevos espacios para la atenci\u00f3n al vecino. Estos consultorios eran utilizados en [&hellip;]<\/p>\n","protected":false},"author":4,"featured_media":54933,"comment_status":"open","ping_status":"closed","sticky":false,"template":"","format":"standard","meta":{"om_disable_all_campaigns":false,"_jetpack_memberships_contains_paid_content":false,"footnotes":""},"categories":[621],"tags":[],"class_list":["post-54932","post","type-post","status-publish","format-standard","has-post-thumbnail","hentry","category-regionales"],"aioseo_notices":[],"gutentor_comment":0,"jetpack_featured_media_url":"https:\/\/eldiariodesanpedro.com.ar\/sitio\/wp-content\/uploads\/2019\/06\/nuevas-oficinas-1.jpg","jetpack_shortlink":"https:\/\/wp.me\/p6RhLt-ei0","jetpack_sharing_enabled":true,"_links":{"self":[{"href":"https:\/\/eldiariodesanpedro.com.ar\/sitio\/wp-json\/wp\/v2\/posts\/54932","targetHints":{"allow":["GET"]}}],"collection":[{"href":"https:\/\/eldiariodesanpedro.com.ar\/sitio\/wp-json\/wp\/v2\/posts"}],"about":[{"href":"https:\/\/eldiariodesanpedro.com.ar\/sitio\/wp-json\/wp\/v2\/types\/post"}],"author":[{"embeddable":true,"href":"https:\/\/eldiariodesanpedro.com.ar\/sitio\/wp-json\/wp\/v2\/users\/4"}],"replies":[{"embeddable":true,"href":"https:\/\/eldiariodesanpedro.com.ar\/sitio\/wp-json\/wp\/v2\/comments?post=54932"}],"version-history":[{"count":1,"href":"https:\/\/eldiariodesanpedro.com.ar\/sitio\/wp-json\/wp\/v2\/posts\/54932\/revisions"}],"predecessor-version":[{"id":54934,"href":"https:\/\/eldiariodesanpedro.com.ar\/sitio\/wp-json\/wp\/v2\/posts\/54932\/revisions\/54934"}],"wp:featuredmedia":[{"embeddable":true,"href":"https:\/\/eldiariodesanpedro.com.ar\/sitio\/wp-json\/wp\/v2\/media\/54933"}],"wp:attachment":[{"href":"https:\/\/eldiariodesanpedro.com.ar\/sitio\/wp-json\/wp\/v2\/media?parent=54932"}],"wp:term":[{"taxonomy":"category","embeddable":true,"href":"https:\/\/eldiariodesanpedro.com.ar\/sitio\/wp-json\/wp\/v2\/categories?post=54932"},{"taxonomy":"post_tag","embeddable":true,"href":"https:\/\/eldiariodesanpedro.com.ar\/sitio\/wp-json\/wp\/v2\/tags?post=54932"}],"curies":[{"name":"wp","href":"https:\/\/api.w.org\/{rel}","templated":true}]}}