{"id":54929,"date":"2019-06-22T11:13:20","date_gmt":"2019-06-22T14:13:20","guid":{"rendered":"https:\/\/eldiariodesanpedro.com.ar\/sitio\/?p=54929"},"modified":"2019-06-22T11:13:24","modified_gmt":"2019-06-22T14:13:24","slug":"tras-una-inspeccion-de-rutina-hallan-un-auto-robado-en-un-taller-mecanico","status":"publish","type":"post","link":"https:\/\/eldiariodesanpedro.com.ar\/sitio\/tras-una-inspeccion-de-rutina-hallan-un-auto-robado-en-un-taller-mecanico\/","title":{"rendered":"Tras una inspecci\u00f3n de rutina hallan un auto robado en un taller mec\u00e1nico"},"content":{"rendered":"<!-- VideographyWP Plugin Message: Automatic video embedding prevented by plugin options. -->\n\n<p>Personal policial en el marco de operativo inspecci\u00f3n se procedi\u00f3 al secuestro de un veh\u00edculo que se encontraba en pleno desarme de sus partes,     constatando pedido de secuestro activo por hurto perteneciente a la ciudad de Zarate.<\/p>\n\n\n\n<p>Una inspecci\u00f3n de rutina en el marco de la Ley 13.081, en un taller mec\u00e1nico ubicado en Caroni al 140, permiti\u00f3 constatar ademas de la carencia de habilitaci\u00f3n municipal y libro de registro,  un veh\u00edculo marca Fiat Siena de color negro, con el dominio colocado EOA-349, el cual llamo la atenci\u00f3n al personal policial el estado en que se encontraban sus puertas, vidrios, y otras partes del auto que parec\u00edan ser estando cambiadas.<\/p>\n\n\n\n<p>Al requisar el interior del mismo, se constato que en el vidrio de la puerta delantera derecha se observaba impreso el n\u00famero de dominio EPH-057; en ese momento se consulto al Centro de Operaciones Policiales, lo que permiti\u00f3 confirmar el pedido de secuestro activo del veh\u00edculo  por un hecho de robo el 20 de junio en French 3.450 de Z\u00e1rate. <\/p>\n\n\n\n<p>El propietario, un ciudadano de 32 a\u00f1os de edad, no fue aprehendido pero si notificado por el hecho de encubrimiento.<\/p>\n\n\n\n<p> Intervino personal de DDI procediendo al secuestro del mismo quedando bajo custodia en el dep\u00f3sito judicial de calle Lucio Mansilla. <\/p>\n\n\n\n<p>El comercio fue clausurado, con actuaciones que quedaron a cargo del Juzgado de Paz. <\/p>\n\n\n\n<p><br><\/p>\n","protected":false},"excerpt":{"rendered":"<p>Personal policial en el marco de operativo inspecci\u00f3n se procedi\u00f3 al secuestro de un veh\u00edculo que se encontraba en pleno desarme de sus partes, constatando pedido de secuestro activo por hurto perteneciente a la ciudad de Zarate. Una inspecci\u00f3n de rutina en el marco de la Ley 13.081, en un taller mec\u00e1nico ubicado en Caroni [&hellip;]<\/p>\n","protected":false},"author":4,"featured_media":54930,"comment_status":"open","ping_status":"closed","sticky":false,"template":"","format":"standard","meta":{"om_disable_all_campaigns":false,"_jetpack_memberships_contains_paid_content":false,"footnotes":""},"categories":[2,103],"tags":[],"class_list":["post-54929","post","type-post","status-publish","format-standard","has-post-thumbnail","hentry","category-locales","category-policiales-locales"],"aioseo_notices":[],"gutentor_comment":0,"jetpack_featured_media_url":"https:\/\/eldiariodesanpedro.com.ar\/sitio\/wp-content\/uploads\/2019\/06\/Auto-desarmado-taller-2.jpg","jetpack_shortlink":"https:\/\/wp.me\/p6RhLt-ehX","jetpack_sharing_enabled":true,"_links":{"self":[{"href":"https:\/\/eldiariodesanpedro.com.ar\/sitio\/wp-json\/wp\/v2\/posts\/54929","targetHints":{"allow":["GET"]}}],"collection":[{"href":"https:\/\/eldiariodesanpedro.com.ar\/sitio\/wp-json\/wp\/v2\/posts"}],"about":[{"href":"https:\/\/eldiariodesanpedro.com.ar\/sitio\/wp-json\/wp\/v2\/types\/post"}],"author":[{"embeddable":true,"href":"https:\/\/eldiariodesanpedro.com.ar\/sitio\/wp-json\/wp\/v2\/users\/4"}],"replies":[{"embeddable":true,"href":"https:\/\/eldiariodesanpedro.com.ar\/sitio\/wp-json\/wp\/v2\/comments?post=54929"}],"version-history":[{"count":1,"href":"https:\/\/eldiariodesanpedro.com.ar\/sitio\/wp-json\/wp\/v2\/posts\/54929\/revisions"}],"predecessor-version":[{"id":54931,"href":"https:\/\/eldiariodesanpedro.com.ar\/sitio\/wp-json\/wp\/v2\/posts\/54929\/revisions\/54931"}],"wp:featuredmedia":[{"embeddable":true,"href":"https:\/\/eldiariodesanpedro.com.ar\/sitio\/wp-json\/wp\/v2\/media\/54930"}],"wp:attachment":[{"href":"https:\/\/eldiariodesanpedro.com.ar\/sitio\/wp-json\/wp\/v2\/media?parent=54929"}],"wp:term":[{"taxonomy":"category","embeddable":true,"href":"https:\/\/eldiariodesanpedro.com.ar\/sitio\/wp-json\/wp\/v2\/categories?post=54929"},{"taxonomy":"post_tag","embeddable":true,"href":"https:\/\/eldiariodesanpedro.com.ar\/sitio\/wp-json\/wp\/v2\/tags?post=54929"}],"curies":[{"name":"wp","href":"https:\/\/api.w.org\/{rel}","templated":true}]}}